{"id":243784,"date":"2023-06-27T08:28:08","date_gmt":"2023-06-27T12:28:08","guid":{"rendered":"https:\/\/www.ocorreionews.com.br\/acervo-correio\/?p=243784"},"modified":"2023-06-27T08:28:08","modified_gmt":"2023-06-27T12:28:08","slug":"servidores-publicos-de-paraiso-podem-aderir-ao-plano-da-cassems-ate-10-de-julho","status":"publish","type":"post","link":"https:\/\/www.ocorreionews.com.br\/acervo-correio\/?p=243784","title":{"rendered":"Servidores P\u00fablicos de Para\u00edso podem aderir ao plano da CASSEMS at\u00e9 10 de julho"},"content":{"rendered":"<div class=\"leitura\">\n<p>A CASSEMS de Para\u00edso das \u00c1guas informa aos servidores p\u00fablicos municipais que j\u00e1 est\u00e3o sendo realizadas as ades\u00f5es ao plano de sa\u00fade no munic\u00edpio.\u00a0 Os servidores t\u00eam at\u00e9 o dia 10 de julho para aderir a CASSEMS.<\/p>\n<p>Aqueles que n\u00e3o aderirem ao plano at\u00e9 o dia 10 de julho somente o poder\u00e3o fazer em janeiro de 2024.<\/p>\n<p>Segue a rela\u00e7\u00e3o de documentos que precisam ser apresentados para a inclus\u00e3o no plano de sa\u00fade:<\/p>\n<ul>\n<li>Titular: Contrato celebrado entre a prefeitura e servidor;termo de posse,holerite atual; RG, CPF,Cart\u00e3o Nacional do SUS, comprovante de resid\u00eancia.<\/li>\n<li>Esposo(a): certid\u00e3o de casamento, RG, CPF e CNS.<\/li>\n<li>Filho(a)menor de 18 anos: certid\u00e3o de nascimento, RG, CPF e CNS.<\/li>\n<li>Filho estudante (18 a 21 anos): certid\u00e3o de nascimento, RG, CPF, CNS, declara\u00e7\u00e3o de escolaridade para comprova\u00e7\u00e3o de matr\u00edcula.<\/li>\n<\/ul>\n<p>A CASSEMS de Para\u00edso das \u00c1guas fica localizada na Rua Celestina Faustina da Cruz,n\u00b0245<\/p>\n<p>Informa\u00e7\u00f5es pelo telefone: 3248-1319 (Whatsapp)<\/p>\n<p><img decoding=\"async\" src=\"https:\/\/www.paraisodasaguas.ms.gov.br\/\/uploads\/wysiwyg\/\/38ff2525.jpg\" alt=\"\" \/><\/p>\n<\/div>\n<p>*Assecom PMPA<\/p>\n","protected":false},"excerpt":{"rendered":"<p>A CASSEMS de Para\u00edso das \u00c1guas informa aos servidores p\u00fablicos municipais que j\u00e1 est\u00e3o sendo realizadas as ades\u00f5es ao plano de sa\u00fade no munic\u00edpio.\u00a0 Os servidores t\u00eam at\u00e9 o dia 10 de julho para aderir a CASSEMS. Aqueles que n\u00e3o aderirem ao plano at\u00e9 o dia 10 de julho somente o poder\u00e3o fazer em janeiro [&hellip;]<\/p>\n","protected":false},"author":5,"featured_media":243785,"comment_status":"closed","ping_status":"closed","sticky":false,"template":"","format":"standard","meta":{"footnotes":""},"categories":[36],"tags":[],"class_list":["post-243784","post","type-post","status-publish","format-standard","has-post-thumbnail","hentry","category-paraiso-das-aguas"],"_links":{"self":[{"href":"https:\/\/www.ocorreionews.com.br\/acervo-correio\/index.php?rest_route=\/wp\/v2\/posts\/243784","targetHints":{"allow":["GET"]}}],"collection":[{"href":"https:\/\/www.ocorreionews.com.br\/acervo-correio\/index.php?rest_route=\/wp\/v2\/posts"}],"about":[{"href":"https:\/\/www.ocorreionews.com.br\/acervo-correio\/index.php?rest_route=\/wp\/v2\/types\/post"}],"author":[{"embeddable":true,"href":"https:\/\/www.ocorreionews.com.br\/acervo-correio\/index.php?rest_route=\/wp\/v2\/users\/5"}],"replies":[{"embeddable":true,"href":"https:\/\/www.ocorreionews.com.br\/acervo-correio\/index.php?rest_route=%2Fwp%2Fv2%2Fcomments&post=243784"}],"version-history":[{"count":1,"href":"https:\/\/www.ocorreionews.com.br\/acervo-correio\/index.php?rest_route=\/wp\/v2\/posts\/243784\/revisions"}],"predecessor-version":[{"id":243787,"href":"https:\/\/www.ocorreionews.com.br\/acervo-correio\/index.php?rest_route=\/wp\/v2\/posts\/243784\/revisions\/243787"}],"wp:featuredmedia":[{"embeddable":true,"href":"https:\/\/www.ocorreionews.com.br\/acervo-correio\/index.php?rest_route=\/wp\/v2\/media\/243785"}],"wp:attachment":[{"href":"https:\/\/www.ocorreionews.com.br\/acervo-correio\/index.php?rest_route=%2Fwp%2Fv2%2Fmedia&parent=243784"}],"wp:term":[{"taxonomy":"category","embeddable":true,"href":"https:\/\/www.ocorreionews.com.br\/acervo-correio\/index.php?rest_route=%2Fwp%2Fv2%2Fcategories&post=243784"},{"taxonomy":"post_tag","embeddable":true,"href":"https:\/\/www.ocorreionews.com.br\/acervo-correio\/index.php?rest_route=%2Fwp%2Fv2%2Ftags&post=243784"}],"curies":[{"name":"wp","href":"https:\/\/api.w.org\/{rel}","templated":true}]}}