{"id":243843,"date":"2023-06-27T14:06:56","date_gmt":"2023-06-27T18:06:56","guid":{"rendered":"https:\/\/www.ocorreionews.com.br\/acervo-correio\/?p=243843"},"modified":"2023-06-27T14:06:56","modified_gmt":"2023-06-27T18:06:56","slug":"inaugurado-a-sede-do-demutran-de-costa-rica-com-investimento-de-mais-de-r-120-mil","status":"publish","type":"post","link":"https:\/\/www.ocorreionews.com.br\/acervo-correio\/?p=243843","title":{"rendered":"Inaugurado a sede do Demutran de Costa Rica, com investimento de mais de R$ 120 mil"},"content":{"rendered":"<div class=\"ntc_cont_descricao_noticia sw_txteditor\">Nesta ter\u00e7a-feira (27), aconteceu em Costa Rica a cerim\u00f4nia de inaugura\u00e7\u00e3o das novas instala\u00e7\u00f5es do Departamento Municipal de Tr\u00e2nsito (Demutran), localizado \u00e0 Rua Ary Platero Lar no Bairro Vale do Amanhecer. A reforma e amplia\u00e7\u00e3o do pr\u00e9dio que abriga o \u00f3rg\u00e3o foi executada pela empresa Pir\u00e2mide Constru\u00e7\u00f5es, de Para\u00edso das \u00c1guas\/MS, utilizando recursos 100% pr\u00f3prios do munic\u00edpio, no valor total de R$ 123.069,05.<\/p>\n<p>O projeto da obra foi elaborado pelo Departamento de Engenharia do Munic\u00edpio, vinculado \u00e0 Secretaria Municipal de Transportes, Urbaniza\u00e7\u00e3o e Obras P\u00fablicas. O novo pr\u00e9dio conta agora com tr\u00eas salas, uma recep\u00e7\u00e3o, copa, dois banheiros, dep\u00f3sito e varanda, todos em alvenaria, visando proporcionar maior comodidade aos servidores do \u00f3rg\u00e3o de tr\u00e2nsito e facilitar o acesso aos servi\u00e7os prestados.<\/p>\n<p>O prefeito de Costa Rica, delegado Cleverson Alves dos Santos, ressalta o orgulho e satisfa\u00e7\u00e3o pela inaugura\u00e7\u00e3o da nova sede do Demutran em Costa Rica, parabenizando a equipe pelo excelente trabalho que resultou em reconhecimento para o munic\u00edpio. &#8220;Costa Rica \u00e9 uma das cidades mais bem sinalizadas do MS, o que contribui para a seguran\u00e7a dos cidad\u00e3os. Quero aproveitar a oportunidade para parabenizar a equipe do Demutran pelo empenho e sucesso do projeto &#8216;No Tr\u00e2nsito, Escolha a Vida&#8217;, que conquistou o 3\u00ba lugar na premia\u00e7\u00e3o estadual, refor\u00e7ando o compromisso com a educa\u00e7\u00e3o e conscientiza\u00e7\u00e3o no tr\u00e2nsito&#8221;, complementa o gestor.<\/p>\n<p>A cerim\u00f4nia contou com a presen\u00e7a do vice-prefeito Roni Cota, que destacou a import\u00e2ncia da nova estrutura para o munic\u00edpio. &#8220;Essa amplia\u00e7\u00e3o e reforma refletem o compromisso da administra\u00e7\u00e3o municipal em oferecer melhores condi\u00e7\u00f5es de trabalho para os servidores e um atendimento mais eficiente \u00e0 popula\u00e7\u00e3o. Estamos investindo recursos pr\u00f3prios do munic\u00edpio para garantir um servi\u00e7o de qualidade no Departamento de Tr\u00e2nsito&#8221;, afirmou Cota.<\/p>\n<p>A secret\u00e1ria de Assist\u00eancia Social, Evair Gomes Nogueira, tamb\u00e9m esteve presente na cerim\u00f4nia e ressaltou a import\u00e2ncia do Demutran para a seguran\u00e7a e organiza\u00e7\u00e3o do tr\u00e2nsito no munic\u00edpio. &#8220;O Demutran desempenha um papel fundamental na promo\u00e7\u00e3o da seguran\u00e7a vi\u00e1ria e na conscientiza\u00e7\u00e3o dos cidad\u00e3os sobre a import\u00e2ncia de respeitar as leis de tr\u00e2nsito. Com essas novas instala\u00e7\u00f5es, tenho certeza de que o trabalho desempenhado pelo \u00f3rg\u00e3o ser\u00e1 ainda mais eficiente&#8221;, destacou Nogueira.<\/p>\n<p>Representando o Poder Legislativo, o vereador Evaldo Paulino Garcia tamb\u00e9m participou da cerim\u00f4nia e ressaltou o compromisso da administra\u00e7\u00e3o municipal em promover melhorias para a popula\u00e7\u00e3o. &#8220;A inaugura\u00e7\u00e3o das novas instala\u00e7\u00f5es do Demutran demonstra o comprometimento da gest\u00e3o em oferecer servi\u00e7os de qualidade para a popula\u00e7\u00e3o. \u00c9 gratificante ver que o munic\u00edpio est\u00e1 investindo em estruturas modernas e adequadas para atender \u00e0s demandas da sociedade&#8221;, afirmou Garcia.<\/p>\n<p>O diretor do Demutran, Abr\u00e3o Santana Barbosa, agradeceu \u00e0 secret\u00e1ria de Assist\u00eancia Social, professora Evair, por ceder o espa\u00e7o ao Departamento Municipal de Tr\u00e2nsito e ao prefeito Dr. Cleverson, expressou gratid\u00e3o por confiar a ele a responsabilidade do departamento. Enalteceu a prefeitura por realizou a reforma e amplia\u00e7\u00e3o da sede do Demutran, investindo mais de R$ 120 mil. \u201cEssa conquista foi resultado do trabalho dedicado e comprometido da equipe. Com a nova estrutura, o objetivo \u00e9 oferecer um atendimento de qualidade aos cidad\u00e3os, garantindo mais seguran\u00e7a e organiza\u00e7\u00e3o no tr\u00e2nsito da cidade. A gest\u00e3o est\u00e1 empenhada em investir no desenvolvimento e bem-estar da popula\u00e7\u00e3o, agradecendo a confian\u00e7a e apoio de todos, e reafirmando o compromisso de continuar trabalhando para construir uma cidade melhor\u201d, disse.<\/p><\/div>\n<div class=\"ntc_cont_descricao_noticia sw_txteditor\"><img decoding=\"async\" class=\"imgcentraliza aligncenter\" src=\"https:\/\/www.costarica.ms.gov.br\/fotos\/a47d701cbdaf8dc3ad56e93ebfd3b169.jpg\" alt=\"Foto Noticia Principal Grande\" \/><\/p>\n<p>Durante a cerim\u00f4nia, o padre Ivanildo J\u00fanior da Silva deu a ben\u00e7\u00e3o \u00e0s novas estruturas do Demutran, enquanto o pastor Jos\u00e9 Catarino de Castro fez uma ora\u00e7\u00e3o ecum\u00eanica. No rall de entrada, foi realizado o corte simb\u00f3lico da fita inaugural e o descerramento da placa, marcando oficialmente a inaugura\u00e7\u00e3o das novas instala\u00e7\u00f5es.<\/p>\n<p>Os presentes tiveram a oportunidade de realizar uma visita \u00e0s novas instala\u00e7\u00f5es do Demutran e conhecer de perto as melhorias realizadas. A expectativa \u00e9 de que, com essas novas estruturas, o \u00f3rg\u00e3o possa desempenhar suas fun\u00e7\u00f5es de forma ainda mais eficiente, proporcionando um tr\u00e2nsito mais seguro e organizado para a popula\u00e7\u00e3o de Costa Rica.<\/p>\n<p>Tamb\u00e9m estiveram presentes no ato, o Procurador Geral do Munic\u00edpio, Rogerio do Carmo Soto Coelho; o secret\u00e1rio de Administra\u00e7\u00e3o, Finan\u00e7as, Planejamento, Receita e Controle, Uriel Carvalho de Oliveira; a secret\u00e1ria de Pol\u00edticas P\u00fablicas para Mulheres, M\u00e1rcia Alves; o secret\u00e1rio de Agricultura e Desenvolvimento, Fernando Barbosa Martins; o secret\u00e1rio de Sa\u00fade, Jovenaldo Francisco dos Santos; o secret\u00e1rio de Governo, Rayner Moraes Santos; o Secret\u00e1rio de Turismo, Meio Ambiente, Esporte e Cultura, Jo\u00e3o Carlos Candido Rocha; o Comandante do 2\u00ba Pelot\u00e3o da Pol\u00edcia Militar de MS, tenente Mendes; o vereador Adair Tiago de Oliveira; o subsecret\u00e1rio de Desenvolvimento, Airton Ruiz Pereira; o diretor geral do (SAAE) Servi\u00e7o Municipal de \u00c1gua e Esgoto, Cesarino Candido Narcizo; o coordenador de Educa\u00e7\u00e3o para o Tr\u00e2nsito de Costa Rica, professor Rubens Pereira Lima; o gerente executivo do DETRAN\/MS \u2013 Departamento Estadual de Tr\u00e2nsito, Limiro Paulino Neto; a coordenadora de apoio a gest\u00e3o, Helena Otoni Camargo Braun; a coordenadora do projeto Rica Trama, Rute Corr\u00eaa de Amorim; a coordenadora do CREAS (Centro de Refer\u00eancia de Assist\u00eancia Social), Lucinaura Felisbina de Souza Dekins; o presidente do Conselho de Pastores, Claudiney Montani; o coordenador de habita\u00e7\u00e3o, Ezequias Rodrigues dos Santos; o diretor do Demutran de Chapad\u00e3o do Sul, Pedro Lopes, entre outros.<\/p><\/div>\n<p>&nbsp;<\/p>\n<p><img decoding=\"async\" class=\"imgcentraliza aligncenter\" src=\"https:\/\/www.costarica.ms.gov.br\/fotos\/d35915451966d8c46adf145c4205057f.jpg\" alt=\"Foto Noticia Principal Grande\" \/><\/p>\n<div class=\"ntc_area_info_noticia sw_lato\">\n<div>\n<div class=\"ntc_info_noticia\"><strong class=\"sw_lato_black\">Fonte: <\/strong>Assessoria de Comunica\u00e7\u00e3o \/ PMCR &#8211; <strong class=\"sw_lato_black\">\u00a0<\/strong>Silvestre de Castro<\/div>\n<\/div>\n<\/div>\n","protected":false},"excerpt":{"rendered":"<p>Nesta ter\u00e7a-feira (27), aconteceu em Costa Rica a cerim\u00f4nia de inaugura\u00e7\u00e3o das novas instala\u00e7\u00f5es do Departamento Municipal de Tr\u00e2nsito (Demutran), localizado \u00e0 Rua Ary Platero Lar no Bairro Vale do Amanhecer. A reforma e amplia\u00e7\u00e3o do pr\u00e9dio que abriga o \u00f3rg\u00e3o foi executada pela empresa Pir\u00e2mide Constru\u00e7\u00f5es, de Para\u00edso das \u00c1guas\/MS, utilizando recursos 100% pr\u00f3prios [&hellip;]<\/p>\n","protected":false},"author":5,"featured_media":243844,"comment_status":"closed","ping_status":"closed","sticky":false,"template":"","format":"standard","meta":{"footnotes":""},"categories":[25],"tags":[],"class_list":["post-243843","post","type-post","status-publish","format-standard","has-post-thumbnail","hentry","category-costa-rica"],"_links":{"self":[{"href":"https:\/\/www.ocorreionews.com.br\/acervo-correio\/index.php?rest_route=\/wp\/v2\/posts\/243843","targetHints":{"allow":["GET"]}}],"collection":[{"href":"https:\/\/www.ocorreionews.com.br\/acervo-correio\/index.php?rest_route=\/wp\/v2\/posts"}],"about":[{"href":"https:\/\/www.ocorreionews.com.br\/acervo-correio\/index.php?rest_route=\/wp\/v2\/types\/post"}],"author":[{"embeddable":true,"href":"https:\/\/www.ocorreionews.com.br\/acervo-correio\/index.php?rest_route=\/wp\/v2\/users\/5"}],"replies":[{"embeddable":true,"href":"https:\/\/www.ocorreionews.com.br\/acervo-correio\/index.php?rest_route=%2Fwp%2Fv2%2Fcomments&post=243843"}],"version-history":[{"count":1,"href":"https:\/\/www.ocorreionews.com.br\/acervo-correio\/index.php?rest_route=\/wp\/v2\/posts\/243843\/revisions"}],"predecessor-version":[{"id":243845,"href":"https:\/\/www.ocorreionews.com.br\/acervo-correio\/index.php?rest_route=\/wp\/v2\/posts\/243843\/revisions\/243845"}],"wp:featuredmedia":[{"embeddable":true,"href":"https:\/\/www.ocorreionews.com.br\/acervo-correio\/index.php?rest_route=\/wp\/v2\/media\/243844"}],"wp:attachment":[{"href":"https:\/\/www.ocorreionews.com.br\/acervo-correio\/index.php?rest_route=%2Fwp%2Fv2%2Fmedia&parent=243843"}],"wp:term":[{"taxonomy":"category","embeddable":true,"href":"https:\/\/www.ocorreionews.com.br\/acervo-correio\/index.php?rest_route=%2Fwp%2Fv2%2Fcategories&post=243843"},{"taxonomy":"post_tag","embeddable":true,"href":"https:\/\/www.ocorreionews.com.br\/acervo-correio\/index.php?rest_route=%2Fwp%2Fv2%2Ftags&post=243843"}],"curies":[{"name":"wp","href":"https:\/\/api.w.org\/{rel}","templated":true}]}}