{"id":243846,"date":"2023-06-27T14:14:57","date_gmt":"2023-06-27T18:14:57","guid":{"rendered":"https:\/\/www.ocorreionews.com.br\/acervo-correio\/?p=243846"},"modified":"2023-06-27T14:14:57","modified_gmt":"2023-06-27T18:14:57","slug":"casal-morre-afogado-apos-carro-cair-de-ponte-em-rio-de-ms","status":"publish","type":"post","link":"https:\/\/www.ocorreionews.com.br\/acervo-correio\/?p=243846","title":{"rendered":"Casal morre afogado ap\u00f3s carro cair de ponte em rio de MS"},"content":{"rendered":"<div id=\"chunk-9cc8q\">\n<div class=\"mc-column content-text active-extra-styles \" data-block-type=\"unstyled\" data-block-weight=\"41\" data-block-id=\"3\">\n<p class=\"content-text__container \" data-track-category=\"Link no Texto\" data-track-links=\"\">Um casal morreu ap\u00f3s o ve\u00edculo em que eles estavam cair em um rio que cruza a ponte do Taboco, a cerca de 40 quil\u00f4metros da regi\u00e3o central do munic\u00edpio de Aquidauana. O caso aconteceu na noite de segunda-feira (26).<\/p>\n<p data-track-category=\"Link no Texto\" data-track-links=\"\">\n<\/div>\n<\/div>\n<div class=\"wall protected-content\">\n<div id=\"chunk-5q160\">\n<div class=\"mc-column content-text active-extra-styles \" data-block-type=\"unstyled\" data-block-weight=\"24\" data-block-id=\"4\">\n<p class=\"content-text__container \" data-track-category=\"Link no Texto\" data-track-links=\"\">A filha do casal, de 5 anos, e uma mulher, de 42, que estavam no banco de tr\u00e1s do ve\u00edculo sa\u00edram ilesas do acidente.<\/p>\n<p data-track-category=\"Link no Texto\" data-track-links=\"\">\n<\/div>\n<\/div>\n<div id=\"chunk-6j6fn\">\n<div class=\"mc-column content-text active-extra-styles \" data-block-type=\"unstyled\" data-block-weight=\"40\" data-block-id=\"5\">\n<p class=\"content-text__container \" data-track-category=\"Link no Texto\" data-track-links=\"\">Conforme o Corpo de Bombeiros, o motorista tentava acessar a ponte, quando perdeu o controle do ve\u00edculo e caiu na \u00e1gua. Com o impacto da colis\u00e3o, o casal que estava na frente n\u00e3o conseguiu sair do carro e morreu afogado.<\/p>\n<p data-track-category=\"Link no Texto\" data-track-links=\"\">\n<\/div>\n<\/div>\n<div id=\"chunk-3qfq8\">\n<div class=\"content-ads content-ads--reveal\" data-block-type=\"ads\" data-block-id=\"6\">\n<div id=\"banner_materia2\" class=\"tag-manager-publicidade-container mc-has-reveal mc-has-ad-lazyload tag-manager-publicidade-banner_materia2 tag-manager-publicidade-container--carregado tag-manager-publicidade-container--visivel\" data-id=\"banner_materia2\" data-google-query-id=\"CJiW4YGG5P8CFfqelQIdV0kCcg\">\n<div id=\"google_ads_iframe_\/95377733\/tvg_G1\/Sua_Regiao&gt;Centro_Oeste&gt;Mato_Grosso_do_Sul_2__container__\">\n<figure style=\"width: 647px\" class=\"wp-caption aligncenter\"><img loading=\"lazy\" decoding=\"async\" class=\"i-amphtml-fill-content i-amphtml-replaced-content\" src=\"https:\/\/s2-g1.glbimg.com\/Xqo4XWoF_-m1RbWR4ZYTGA0NqGE=\/0x0:615x411\/984x0\/smart\/filters:strip_icc()\/i.s3.glbimg.com\/v1\/AUTH_59edd422c0c84a879bd37670ae4f538a\/internal_photos\/bs\/2023\/b\/E\/nNKK8VSYeSBPQv2D5KoQ\/casal.png\" sizes=\"auto, (max-width: 1366px) 648px, 100vw\" srcset=\"https:\/\/s2-g1.glbimg.com\/zkvc4riO4FYXl62puSP_kLRkzjE=\/0x0:615x411\/1000x0\/smart\/filters:strip_icc()\/i.s3.glbimg.com\/v1\/AUTH_59edd422c0c84a879bd37670ae4f538a\/internal_photos\/bs\/2023\/b\/E\/nNKK8VSYeSBPQv2D5KoQ\/casal.png 1000w, https:\/\/s2-g1.glbimg.com\/Xqo4XWoF_-m1RbWR4ZYTGA0NqGE=\/0x0:615x411\/984x0\/smart\/filters:strip_icc()\/i.s3.glbimg.com\/v1\/AUTH_59edd422c0c84a879bd37670ae4f538a\/internal_photos\/bs\/2023\/b\/E\/nNKK8VSYeSBPQv2D5KoQ\/casal.png 984w, https:\/\/s2-g1.glbimg.com\/b6dvK_brjxKgCJUGgiOVOchvz-g=\/0x0:615x411\/640x0\/smart\/filters:strip_icc()\/i.s3.glbimg.com\/v1\/AUTH_59edd422c0c84a879bd37670ae4f538a\/internal_photos\/bs\/2023\/b\/E\/nNKK8VSYeSBPQv2D5KoQ\/casal.png 640w, https:\/\/s2-g1.glbimg.com\/IQmxS0UZt_7jIWesJ8ETdrQdGqU=\/0x0:615x411\/600x0\/smart\/filters:strip_icc()\/i.s3.glbimg.com\/v1\/AUTH_59edd422c0c84a879bd37670ae4f538a\/internal_photos\/bs\/2023\/b\/E\/nNKK8VSYeSBPQv2D5KoQ\/casal.png 600w\" alt=\"Ve\u00edculo ficou com a frente dentro d\u2019\u00e1gua. \u2014 Foto: Reprodu\u00e7\u00e3o\" width=\"647\" height=\"433\" \/><figcaption class=\"wp-caption-text\">Ve\u00edculo ficou com a frente dentro d\u2019\u00e1gua. \u2014 Foto: Reprodu\u00e7\u00e3o<\/figcaption><\/figure>\n<p>&nbsp;<\/p>\n<\/div>\n<\/div>\n<\/div>\n<\/div>\n<div id=\"chunk-18gb\">\n<div class=\"mc-column content-text active-extra-styles \" data-block-type=\"unstyled\" data-block-weight=\"26\" data-block-id=\"8\">\n<p class=\"content-text__container \" data-track-category=\"Link no Texto\" data-track-links=\"\">A amiga das v\u00edtimas conseguiu se desprender do cinto de seguran\u00e7a e sair do carro com a crian\u00e7a. Ambas foram encaminhadas para o hospital da regi\u00e3o.<\/p>\n<p data-track-category=\"Link no Texto\" data-track-links=\"\">\n<\/div>\n<\/div>\n<div id=\"chunk-fuv92\">\n<div class=\"mc-column content-text active-extra-styles \" data-block-type=\"unstyled\" data-block-weight=\"25\" data-block-id=\"9\">\n<p class=\"content-text__container \" data-track-category=\"Link no Texto\" data-track-links=\"\">A din\u00e2mica do acidente ser\u00e1 investigada pela Pol\u00edcia Civil e os corpos foram encaminhados para o Instituto de Medicina e Odontologia Legal (Imol) da cidade.<\/p>\n<p data-track-category=\"Link no Texto\" data-track-links=\"\">\n<p data-track-category=\"Link no Texto\" data-track-links=\"\">\n<p class=\"content-text__container \" data-track-category=\"Link no Texto\" data-track-links=\"\">Por Cristiano Arruda e Thais Libni, g1 MS<\/p>\n<p data-track-category=\"Link no Texto\" data-track-links=\"\">\n<\/div>\n<\/div>\n<\/div>\n","protected":false},"excerpt":{"rendered":"<p>Um casal morreu ap\u00f3s o ve\u00edculo em que eles estavam cair em um rio que cruza a ponte do Taboco, a cerca de 40 quil\u00f4metros da regi\u00e3o central do munic\u00edpio de Aquidauana. O caso aconteceu na noite de segunda-feira (26). A filha do casal, de 5 anos, e uma mulher, de 42, que estavam no [&hellip;]<\/p>\n","protected":false},"author":5,"featured_media":243847,"comment_status":"closed","ping_status":"closed","sticky":false,"template":"","format":"standard","meta":{"footnotes":""},"categories":[38],"tags":[],"class_list":["post-243846","post","type-post","status-publish","format-standard","has-post-thumbnail","hentry","category-policia"],"_links":{"self":[{"href":"https:\/\/www.ocorreionews.com.br\/acervo-correio\/index.php?rest_route=\/wp\/v2\/posts\/243846","targetHints":{"allow":["GET"]}}],"collection":[{"href":"https:\/\/www.ocorreionews.com.br\/acervo-correio\/index.php?rest_route=\/wp\/v2\/posts"}],"about":[{"href":"https:\/\/www.ocorreionews.com.br\/acervo-correio\/index.php?rest_route=\/wp\/v2\/types\/post"}],"author":[{"embeddable":true,"href":"https:\/\/www.ocorreionews.com.br\/acervo-correio\/index.php?rest_route=\/wp\/v2\/users\/5"}],"replies":[{"embeddable":true,"href":"https:\/\/www.ocorreionews.com.br\/acervo-correio\/index.php?rest_route=%2Fwp%2Fv2%2Fcomments&post=243846"}],"version-history":[{"count":1,"href":"https:\/\/www.ocorreionews.com.br\/acervo-correio\/index.php?rest_route=\/wp\/v2\/posts\/243846\/revisions"}],"predecessor-version":[{"id":243848,"href":"https:\/\/www.ocorreionews.com.br\/acervo-correio\/index.php?rest_route=\/wp\/v2\/posts\/243846\/revisions\/243848"}],"wp:featuredmedia":[{"embeddable":true,"href":"https:\/\/www.ocorreionews.com.br\/acervo-correio\/index.php?rest_route=\/wp\/v2\/media\/243847"}],"wp:attachment":[{"href":"https:\/\/www.ocorreionews.com.br\/acervo-correio\/index.php?rest_route=%2Fwp%2Fv2%2Fmedia&parent=243846"}],"wp:term":[{"taxonomy":"category","embeddable":true,"href":"https:\/\/www.ocorreionews.com.br\/acervo-correio\/index.php?rest_route=%2Fwp%2Fv2%2Fcategories&post=243846"},{"taxonomy":"post_tag","embeddable":true,"href":"https:\/\/www.ocorreionews.com.br\/acervo-correio\/index.php?rest_route=%2Fwp%2Fv2%2Ftags&post=243846"}],"curies":[{"name":"wp","href":"https:\/\/api.w.org\/{rel}","templated":true}]}}