{"id":243849,"date":"2023-06-27T14:32:43","date_gmt":"2023-06-27T18:32:43","guid":{"rendered":"https:\/\/www.ocorreionews.com.br\/acervo-correio\/?p=243849"},"modified":"2023-06-27T14:32:43","modified_gmt":"2023-06-27T18:32:43","slug":"cadela-morreu-devido-a-agressoes-sofridas-em-pet-shop-aponta-pericia","status":"publish","type":"post","link":"https:\/\/www.ocorreionews.com.br\/acervo-correio\/?p=243849","title":{"rendered":"Cadela morreu devido a agress\u00f5es sofridas em pet shop, aponta per\u00edcia"},"content":{"rendered":"<div id=\"chunk-4oh03\">\n<div class=\"mc-column content-text active-extra-styles \" data-block-type=\"unstyled\" data-block-weight=\"49\" data-block-id=\"3\">\n<p class=\"content-text__container \" data-track-category=\"Link no Texto\" data-track-links=\"\">A per\u00edcia feita no corpo da cadela Luma, que morreu no \u00faltimo dia 17 de junho ap\u00f3s um banho em um petshop de Goi\u00e2nia, apontou que a cachorrinha morreu ap\u00f3s as as agress\u00f5es sofridas no estabelecimento. A per\u00edcia foi feita pela se\u00e7\u00e3o de Medicina Veterin\u00e1ria Legal da Pol\u00edcia Cient\u00edfica.<\/p>\n<\/div>\n<\/div>\n<div class=\"wall protected-content\">\n<div id=\"chunk-3smr2\">\n<div class=\"mc-column content-text active-extra-styles\" data-block-type=\"raw\" data-block-weight=\"6\" data-block-id=\"4\">\n<p>&nbsp;<\/p>\n<h5><a href=\"https:\/\/g1.globo.com\/go\/goias\/video\/video-cadela-morre-apos-levar-socos-e-ser-enforcada-em-pet-shop-de-goiania-11724299.ghtml\"><strong>Veja aqui o v\u00eddeo que registrou as agress\u00f5es contra cadela Luma (Imagens fortes).<\/strong><\/a><\/h5>\n<p>&nbsp;<\/p>\n<\/div>\n<\/div>\n<div id=\"chunk-1croc\">\n<div class=\"mc-column content-text active-extra-styles \" data-block-type=\"unstyled\" data-block-weight=\"28\" data-block-id=\"5\">\n<p class=\"content-text__container \" data-track-category=\"Link no Texto\" data-track-links=\"\">A pol\u00edcia chegou a conclus\u00e3o do laudo ap\u00f3s an\u00e1lise necrosc\u00f3pico do corpo do animal e das imagens de c\u00e2meras de seguran\u00e7a do local onde ocorreu as agress\u00f5es.<\/p>\n<p class=\"content-text__container \" data-track-category=\"Link no Texto\" data-track-links=\"\">\n<\/div>\n<\/div>\n<div id=\"chunk-gj0v\">\n<div class=\"row medium-uncollapsed content-media content-photo\" data-block-type=\"backstage-photo\" data-block-id=\"9\">\n<div class=\" mc-column  content-media__container\">\n<div class=\"content-media-container glb-skeleton-box\">\n<figure class=\"content-media-figure\">\n<p><figure style=\"width: 647px\" class=\"wp-caption aligncenter\"><img loading=\"lazy\" decoding=\"async\" class=\"i-amphtml-fill-content i-amphtml-replaced-content\" src=\"https:\/\/s2-g1.glbimg.com\/ETHwzfRPBxuygF1gVnvFp7DjQLo=\/0x0:1700x1065\/984x0\/smart\/filters:strip_icc()\/i.s3.glbimg.com\/v1\/AUTH_59edd422c0c84a879bd37670ae4f538a\/internal_photos\/bs\/2023\/V\/Y\/t55BRYSYueD4E3L1j5QA\/morte-cadela.jpg\" sizes=\"auto, (max-width: 1366px) 648px, 100vw\" srcset=\"https:\/\/s2-g1.glbimg.com\/7cSuEA3UJuT5orbGiciYqqnY6Ws=\/0x0:1700x1065\/1000x0\/smart\/filters:strip_icc()\/i.s3.glbimg.com\/v1\/AUTH_59edd422c0c84a879bd37670ae4f538a\/internal_photos\/bs\/2023\/V\/Y\/t55BRYSYueD4E3L1j5QA\/morte-cadela.jpg 1000w, https:\/\/s2-g1.glbimg.com\/ETHwzfRPBxuygF1gVnvFp7DjQLo=\/0x0:1700x1065\/984x0\/smart\/filters:strip_icc()\/i.s3.glbimg.com\/v1\/AUTH_59edd422c0c84a879bd37670ae4f538a\/internal_photos\/bs\/2023\/V\/Y\/t55BRYSYueD4E3L1j5QA\/morte-cadela.jpg 984w, https:\/\/s2-g1.glbimg.com\/fWnZv_YPVGBwQziG-AXMTE7mrxs=\/0x0:1700x1065\/640x0\/smart\/filters:strip_icc()\/i.s3.glbimg.com\/v1\/AUTH_59edd422c0c84a879bd37670ae4f538a\/internal_photos\/bs\/2023\/V\/Y\/t55BRYSYueD4E3L1j5QA\/morte-cadela.jpg 640w, https:\/\/s2-g1.glbimg.com\/YQKCC0AqrDlvlh5u8cvTIN35KaA=\/0x0:1700x1065\/600x0\/smart\/filters:strip_icc()\/i.s3.glbimg.com\/v1\/AUTH_59edd422c0c84a879bd37670ae4f538a\/internal_photos\/bs\/2023\/V\/Y\/t55BRYSYueD4E3L1j5QA\/morte-cadela.jpg 600w\" alt=\"A cadela Luma morreu ap\u00f3s ser agredida em um pet shop de Goi\u00e2nia \u2014 Foto: Arquivo Pessoal\/Josineuma Dantas\" width=\"647\" height=\"405\" \/><figcaption class=\"wp-caption-text\">A cadela Luma morreu ap\u00f3s ser agredida em um pet shop de Goi\u00e2nia \u2014 Foto: Arquivo Pessoal\/Josineuma Dantas<\/figcaption><\/figure><\/figure>\n<\/div>\n<p class=\"content-media__description  \">\n<\/div>\n<\/div>\n<\/div>\n<div id=\"chunk-9uagf\">\n<div class=\"mc-column content-text active-extra-styles \" data-block-type=\"unstyled\" data-block-weight=\"40\" data-block-id=\"10\">\n<p class=\"content-text__container \" data-track-category=\"Link no Texto\" data-track-links=\"\">\n<p data-track-category=\"Link no Texto\" data-track-links=\"\">Luma, que completaria tr\u00eas anos em agosto, recebeu atendimento m\u00e9dico veterin\u00e1rio logo ap\u00f3s as agress\u00f5es, mas morreu no dia seguinte. Pelas imagens, \u00e9 poss\u00edvel ver que Laurice Damasceno, funcion\u00e1ria que foi filmada agredindo a cadela, chegou a empurr\u00e1-la. Tatiana Fragoso, outra profissional da unidade, estava na sala durante as agress\u00f5es, como mostram os v\u00eddeos.<\/p>\n<p data-track-category=\"Link no Texto\" data-track-links=\"\">\n<\/div>\n<\/div>\n<div id=\"chunk-8r0oi\">\n<div class=\"mc-column content-text active-extra-styles \" data-block-type=\"unstyled\" data-block-weight=\"41\" data-block-id=\"11\">\n<p class=\"content-text__container \" data-track-category=\"Link no Texto\" data-track-links=\"\">\u201cQuando eu cheguei na cl\u00ednica, a Luma n\u00e3o conseguia se mexer, estava com espasmos, n\u00e3o conseguia mexer os olhos e nem latir. Totalmente imobilizada, eu abracei ela e pedi perd\u00e3o por ter levado ela l\u00e1\u201d, disse Josineuma Dantas, tutora de Luma.<\/p>\n<p data-track-category=\"Link no Texto\" data-track-links=\"\">\n<p class=\"content-publication-data__from\" title=\"Gustavo Cruz, g1 Goi\u00e1s \">Por Gustavo Cruz, g1 Goi\u00e1s<\/p>\n<\/div>\n<\/div>\n<\/div>\n","protected":false},"excerpt":{"rendered":"<p>A per\u00edcia feita no corpo da cadela Luma, que morreu no \u00faltimo dia 17 de junho ap\u00f3s um banho em um petshop de Goi\u00e2nia, apontou que a cachorrinha morreu ap\u00f3s as as agress\u00f5es sofridas no estabelecimento. A per\u00edcia foi feita pela se\u00e7\u00e3o de Medicina Veterin\u00e1ria Legal da Pol\u00edcia Cient\u00edfica. &nbsp; Veja aqui o v\u00eddeo que [&hellip;]<\/p>\n","protected":false},"author":5,"featured_media":243850,"comment_status":"closed","ping_status":"closed","sticky":false,"template":"","format":"standard","meta":{"footnotes":""},"categories":[141,38],"tags":[],"class_list":["post-243849","post","type-post","status-publish","format-standard","has-post-thumbnail","hentry","category-goias","category-policia"],"_links":{"self":[{"href":"https:\/\/www.ocorreionews.com.br\/acervo-correio\/index.php?rest_route=\/wp\/v2\/posts\/243849","targetHints":{"allow":["GET"]}}],"collection":[{"href":"https:\/\/www.ocorreionews.com.br\/acervo-correio\/index.php?rest_route=\/wp\/v2\/posts"}],"about":[{"href":"https:\/\/www.ocorreionews.com.br\/acervo-correio\/index.php?rest_route=\/wp\/v2\/types\/post"}],"author":[{"embeddable":true,"href":"https:\/\/www.ocorreionews.com.br\/acervo-correio\/index.php?rest_route=\/wp\/v2\/users\/5"}],"replies":[{"embeddable":true,"href":"https:\/\/www.ocorreionews.com.br\/acervo-correio\/index.php?rest_route=%2Fwp%2Fv2%2Fcomments&post=243849"}],"version-history":[{"count":1,"href":"https:\/\/www.ocorreionews.com.br\/acervo-correio\/index.php?rest_route=\/wp\/v2\/posts\/243849\/revisions"}],"predecessor-version":[{"id":243851,"href":"https:\/\/www.ocorreionews.com.br\/acervo-correio\/index.php?rest_route=\/wp\/v2\/posts\/243849\/revisions\/243851"}],"wp:featuredmedia":[{"embeddable":true,"href":"https:\/\/www.ocorreionews.com.br\/acervo-correio\/index.php?rest_route=\/wp\/v2\/media\/243850"}],"wp:attachment":[{"href":"https:\/\/www.ocorreionews.com.br\/acervo-correio\/index.php?rest_route=%2Fwp%2Fv2%2Fmedia&parent=243849"}],"wp:term":[{"taxonomy":"category","embeddable":true,"href":"https:\/\/www.ocorreionews.com.br\/acervo-correio\/index.php?rest_route=%2Fwp%2Fv2%2Fcategories&post=243849"},{"taxonomy":"post_tag","embeddable":true,"href":"https:\/\/www.ocorreionews.com.br\/acervo-correio\/index.php?rest_route=%2Fwp%2Fv2%2Ftags&post=243849"}],"curies":[{"name":"wp","href":"https:\/\/api.w.org\/{rel}","templated":true}]}}