{"id":243859,"date":"2023-06-27T16:59:55","date_gmt":"2023-06-27T20:59:55","guid":{"rendered":"https:\/\/www.ocorreionews.com.br\/acervo-correio\/?p=243859"},"modified":"2023-06-27T17:06:37","modified_gmt":"2023-06-27T21:06:37","slug":"antes-de-ser-baleado-pela-pm-homem-cometeu-dois-furtos-em-chapadao-do-sul","status":"publish","type":"post","link":"https:\/\/www.ocorreionews.com.br\/acervo-correio\/?p=243859","title":{"rendered":"Antes de ser baleado pela PM homem cometeu dois furtos em Chapad\u00e3o do Sul"},"content":{"rendered":"<p>O homem de 29 anos que foi alvejado durante fuga e est\u00e1 armado com um fac\u00e3o \u00e9 suspeito de ter invadido duas resid\u00eancias e ter cometido furtos antes de ser alvejado por policial militar de Chapad\u00e3o do Sul.<\/p>\n<p>De acordo com informa\u00e7\u00f5es do Boletim de Ocorr\u00eancia divulgado pela Assessoria da PM, uma equipe da Pol\u00edcia Militar realizava patrulhamento de rotina pela Av. E no Bairro Esperan\u00e7a, quando avistou o autor portando bolsas e mochilas e em atitude suspeita.<\/p>\n<p>Com a suspeita os militares deram ordem de parada para abordagem e o autor jogou os objetos ao ch\u00e3o e saiu em fuga, pulando v\u00e1rios muros e resid\u00eancias. Momento em que foi solicitado apoio \u00e0s demais equipes de servi\u00e7o para realizar o cerco policial.<\/p>\n<p>Durante as buscas ao autor, uma v\u00edtima de 52 anos (sexo feminino) informou que sua resid\u00eancia havia sido arrombada e reconheceu que os objetos jogados pelo autor eram de sua propriedade.<\/p>\n<p>Em seguida, o autor foi visto se evadindo com um fac\u00e3o pela Rua P8.<\/p>\n<p>Um policial militar tentou verbalizar com o mesmo, que estava de posse de um objeto cortante, sendo efetuado um disparo de elast\u00f4mero (n\u00e3o letal), por\u00e9m o autor continuou a fuga, voltando a invadir resid\u00eancias e pulando muros.<\/p>\n<p>A todo momento moradores indicavam a dire\u00e7\u00e3o que o autor tomou e informaram que ele estava com uma foice ou fac\u00e3o.<\/p>\n<p>Ent\u00e3o foi realizado novo cerco policial e, aproximadamente 30 minutos depois, o autor pulou em uma resid\u00eancia e se deparou com uma equipe policial, ainda na posse de um fac\u00e3o, sendo necess\u00e1rio o disparo de arma de fogo para cessar a injusta e grave amea\u00e7a que o Autor oferecia a equipe com a arma branca em m\u00e3o, j\u00e1 que n\u00e3o obedecia \u00e0s ordens emanadas, o disparou alvejou a perna esquerda, mais precisamente a panturrilha.<\/p>\n<p>Ao ser atingido foi poss\u00edvel realizar a abordagem, imobiliza\u00e7\u00e3o e condu\u00e7\u00e3o do mesmo at\u00e9 o hospital municipal para atendimento m\u00e9dico.<\/p>\n<p><img loading=\"lazy\" decoding=\"async\" class=\"wp-image-243825 aligncenter\" src=\"https:\/\/www.ocorreionews.com.br\/acervo-correio\/wp-content\/uploads\/2023\/06\/PERGUICAO-BARATA-1.jpg\" alt=\"\" width=\"598\" height=\"397\" srcset=\"https:\/\/www.ocorreionews.com.br\/acervo-correio\/wp-content\/uploads\/2023\/06\/PERGUICAO-BARATA-1.jpg 2144w, https:\/\/www.ocorreionews.com.br\/acervo-correio\/wp-content\/uploads\/2023\/06\/PERGUICAO-BARATA-1-300x199.jpg 300w, https:\/\/www.ocorreionews.com.br\/acervo-correio\/wp-content\/uploads\/2023\/06\/PERGUICAO-BARATA-1-1024x680.jpg 1024w, https:\/\/www.ocorreionews.com.br\/acervo-correio\/wp-content\/uploads\/2023\/06\/PERGUICAO-BARATA-1-768x510.jpg 768w, https:\/\/www.ocorreionews.com.br\/acervo-correio\/wp-content\/uploads\/2023\/06\/PERGUICAO-BARATA-1-1536x1020.jpg 1536w, https:\/\/www.ocorreionews.com.br\/acervo-correio\/wp-content\/uploads\/2023\/06\/PERGUICAO-BARATA-1-2048x1360.jpg 2048w\" sizes=\"auto, (max-width: 598px) 100vw, 598px\" \/><\/p>\n<p>Ap\u00f3s libera\u00e7\u00e3o hospitalar, o autor foi encaminhado at\u00e9 a delegacia de pol\u00edcia, juntamente com os objetos furtados pelo autor e um fac\u00e3o com 30 cm de l\u00e2mina, o qual estava em sua posse.<\/p>\n<p>Na Delegacia de Pol\u00edcia, foi verificado ainda um outro arrombamento praticado pelo autor, onde a v\u00edtima de 57 anos (sexo masculino) relatou que foram subtra\u00eddos seu aparelho celular e perfumes.<\/p>\n<p>Ao todo foram recuperados: 1 celular Iphone, 1 celular LG, 1 corrente de ouro, 5 perfumes (lacrados, ainda nas caixas), 1 carregador de celular e 1 fone de ouvido.<\/p>\n<p>O indiv\u00edduo \u00e9 conhecido no meio policial por furtos, portar drogas para consumo e ter comportamento agressivo nas abordagens.<\/p>\n<p>&nbsp;<\/p>\n<p><em>*O Correio News, com informa\u00e7\u00f5es da Assessoria de comunica\u00e7\u00e3o da 4\u00aaCIPM (Companhia Independente da Pol\u00edcia Militar).<\/em><\/p>\n","protected":false},"excerpt":{"rendered":"<p>O homem de 29 anos que foi alvejado durante fuga e est\u00e1 armado com um fac\u00e3o \u00e9 suspeito de ter invadido duas resid\u00eancias e ter cometido furtos antes de ser alvejado por policial militar de Chapad\u00e3o do Sul. De acordo com informa\u00e7\u00f5es do Boletim de Ocorr\u00eancia divulgado pela Assessoria da PM, uma equipe da Pol\u00edcia [&hellip;]<\/p>\n","protected":false},"author":5,"featured_media":243826,"comment_status":"closed","ping_status":"closed","sticky":false,"template":"","format":"standard","meta":{"footnotes":""},"categories":[23,41,38],"tags":[],"class_list":["post-243859","post","type-post","status-publish","format-standard","has-post-thumbnail","hentry","category-chapadao-do-sul","category-destaque","category-policia"],"_links":{"self":[{"href":"https:\/\/www.ocorreionews.com.br\/acervo-correio\/index.php?rest_route=\/wp\/v2\/posts\/243859","targetHints":{"allow":["GET"]}}],"collection":[{"href":"https:\/\/www.ocorreionews.com.br\/acervo-correio\/index.php?rest_route=\/wp\/v2\/posts"}],"about":[{"href":"https:\/\/www.ocorreionews.com.br\/acervo-correio\/index.php?rest_route=\/wp\/v2\/types\/post"}],"author":[{"embeddable":true,"href":"https:\/\/www.ocorreionews.com.br\/acervo-correio\/index.php?rest_route=\/wp\/v2\/users\/5"}],"replies":[{"embeddable":true,"href":"https:\/\/www.ocorreionews.com.br\/acervo-correio\/index.php?rest_route=%2Fwp%2Fv2%2Fcomments&post=243859"}],"version-history":[{"count":1,"href":"https:\/\/www.ocorreionews.com.br\/acervo-correio\/index.php?rest_route=\/wp\/v2\/posts\/243859\/revisions"}],"predecessor-version":[{"id":243861,"href":"https:\/\/www.ocorreionews.com.br\/acervo-correio\/index.php?rest_route=\/wp\/v2\/posts\/243859\/revisions\/243861"}],"wp:featuredmedia":[{"embeddable":true,"href":"https:\/\/www.ocorreionews.com.br\/acervo-correio\/index.php?rest_route=\/wp\/v2\/media\/243826"}],"wp:attachment":[{"href":"https:\/\/www.ocorreionews.com.br\/acervo-correio\/index.php?rest_route=%2Fwp%2Fv2%2Fmedia&parent=243859"}],"wp:term":[{"taxonomy":"category","embeddable":true,"href":"https:\/\/www.ocorreionews.com.br\/acervo-correio\/index.php?rest_route=%2Fwp%2Fv2%2Fcategories&post=243859"},{"taxonomy":"post_tag","embeddable":true,"href":"https:\/\/www.ocorreionews.com.br\/acervo-correio\/index.php?rest_route=%2Fwp%2Fv2%2Ftags&post=243859"}],"curies":[{"name":"wp","href":"https:\/\/api.w.org\/{rel}","templated":true}]}}