{"id":243882,"date":"2023-06-28T08:39:57","date_gmt":"2023-06-28T12:39:57","guid":{"rendered":"https:\/\/www.ocorreionews.com.br\/acervo-correio\/?p=243882"},"modified":"2023-06-28T08:39:57","modified_gmt":"2023-06-28T12:39:57","slug":"lula-indica-advogada-ligada-ao-pt-para-o-cargo-de-ministra-substituta-do-tse","status":"publish","type":"post","link":"https:\/\/www.ocorreionews.com.br\/acervo-correio\/?p=243882","title":{"rendered":"Lula indica advogada ligada ao PT para o cargo de ministra substituta do TSE"},"content":{"rendered":"<div class=\"post-item-wrap\">\n<p>O presidente do Tribunal Superior Eleitoral (TSE), Alexandre de Moraes, confirmou nesta ter\u00e7a-feira\u00a0(27) que o presidente Luiz In\u00e1cio Lula da Silva nomeou a advogada Edilene Lobo\u00a0para o cargo de ministra substituta da Corte. O an\u00fancio foi feito na abertura na sess\u00e3o desta noite.\u00a0<img decoding=\"async\" src=\"https:\/\/agenciabrasil.ebc.com.br\/ebc.png?id=1540688&amp;o=node\" \/><img decoding=\"async\" src=\"https:\/\/agenciabrasil.ebc.com.br\/ebc.gif?id=1540688&amp;o=node\" \/><\/p>\n<p>O nome de Edilene estava na lista enviada pelo Supremo Tribunal Federal (STF) ao presidente Lula para indica\u00e7\u00e3o ao cargo. Ela \u00e9 negra e tem liga\u00e7\u00e3o com o PT de Minas Gerais. Com a indica\u00e7\u00e3o, caber\u00e1 ao TSE marcar a data da posse.<\/p>\n<p>A lista tamb\u00e9m era formada pelas advogadas Daniela Borges, presidente da Ordem dos Advogados do Brasil (OAB) da Bahia e Marilda Silveira, que atua na \u00e1rea eleitoral em Bras\u00edlia.<\/p>\n<p>De acordo com a Constitui\u00e7\u00e3o, cabe ao presidente da Rep\u00fablica nomear os advogados que comp\u00f5em o tribunal. O\u00a0TSE\u00a0\u00e9 composto por sete ministros, sendo tr\u00eas do Supremo Tribunal Federal (STF), dois do Superior Tribunal de Justi\u00e7a (STJ) e dois advogados com not\u00f3rio saber jur\u00eddico, al\u00e9m dos respectivos substitutos.<\/p>\n<p>&nbsp;<\/p>\n<p>&nbsp;<\/p>\n<p>Por Andr\u00e9 Richter &#8211; Rep\u00f3rter da Ag\u00eancia Brasil<\/p>\n<\/div>\n<p>&nbsp;<\/p>\n","protected":false},"excerpt":{"rendered":"<p>O presidente do Tribunal Superior Eleitoral (TSE), Alexandre de Moraes, confirmou nesta ter\u00e7a-feira\u00a0(27) que o presidente Luiz In\u00e1cio Lula da Silva nomeou a advogada Edilene Lobo\u00a0para o cargo de ministra substituta da Corte. O an\u00fancio foi feito na abertura na sess\u00e3o desta noite.\u00a0 O nome de Edilene estava na lista enviada pelo Supremo Tribunal Federal [&hellip;]<\/p>\n","protected":false},"author":5,"featured_media":153589,"comment_status":"closed","ping_status":"closed","sticky":false,"template":"","format":"standard","meta":{"footnotes":""},"categories":[37],"tags":[],"class_list":["post-243882","post","type-post","status-publish","format-standard","has-post-thumbnail","hentry","category-politica"],"_links":{"self":[{"href":"https:\/\/www.ocorreionews.com.br\/acervo-correio\/index.php?rest_route=\/wp\/v2\/posts\/243882","targetHints":{"allow":["GET"]}}],"collection":[{"href":"https:\/\/www.ocorreionews.com.br\/acervo-correio\/index.php?rest_route=\/wp\/v2\/posts"}],"about":[{"href":"https:\/\/www.ocorreionews.com.br\/acervo-correio\/index.php?rest_route=\/wp\/v2\/types\/post"}],"author":[{"embeddable":true,"href":"https:\/\/www.ocorreionews.com.br\/acervo-correio\/index.php?rest_route=\/wp\/v2\/users\/5"}],"replies":[{"embeddable":true,"href":"https:\/\/www.ocorreionews.com.br\/acervo-correio\/index.php?rest_route=%2Fwp%2Fv2%2Fcomments&post=243882"}],"version-history":[{"count":1,"href":"https:\/\/www.ocorreionews.com.br\/acervo-correio\/index.php?rest_route=\/wp\/v2\/posts\/243882\/revisions"}],"predecessor-version":[{"id":243883,"href":"https:\/\/www.ocorreionews.com.br\/acervo-correio\/index.php?rest_route=\/wp\/v2\/posts\/243882\/revisions\/243883"}],"wp:featuredmedia":[{"embeddable":true,"href":"https:\/\/www.ocorreionews.com.br\/acervo-correio\/index.php?rest_route=\/wp\/v2\/media\/153589"}],"wp:attachment":[{"href":"https:\/\/www.ocorreionews.com.br\/acervo-correio\/index.php?rest_route=%2Fwp%2Fv2%2Fmedia&parent=243882"}],"wp:term":[{"taxonomy":"category","embeddable":true,"href":"https:\/\/www.ocorreionews.com.br\/acervo-correio\/index.php?rest_route=%2Fwp%2Fv2%2Fcategories&post=243882"},{"taxonomy":"post_tag","embeddable":true,"href":"https:\/\/www.ocorreionews.com.br\/acervo-correio\/index.php?rest_route=%2Fwp%2Fv2%2Ftags&post=243882"}],"curies":[{"name":"wp","href":"https:\/\/api.w.org\/{rel}","templated":true}]}}