{"id":243888,"date":"2023-06-28T08:56:34","date_gmt":"2023-06-28T12:56:34","guid":{"rendered":"https:\/\/www.ocorreionews.com.br\/acervo-correio\/?p=243888"},"modified":"2023-06-28T09:06:36","modified_gmt":"2023-06-28T13:06:36","slug":"adolescente-de-17-anos-morre-apos-se-engasgar-com-pedaco-de-mexerica","status":"publish","type":"post","link":"https:\/\/www.ocorreionews.com.br\/acervo-correio\/?p=243888","title":{"rendered":"Adolescente de 17 anos morre ap\u00f3s se engasgar com peda\u00e7o de mexerica"},"content":{"rendered":"<div id=\"chunk-9j6te\">\n<div class=\"mc-column content-text active-extra-styles \" data-block-type=\"unstyled\" data-block-weight=\"42\" data-block-id=\"3\">\n<p class=\"content-text__container \" data-track-category=\"Link no Texto\" data-track-links=\"\">Uma adolescente de 17 anos morreu ap\u00f3s se engasgar com um peda\u00e7o de mexerica, em Pontalina, no sul do estado. Segundo a Pol\u00edcia Civil, a adolescente morava na zona rural do munic\u00edpio e a fam\u00edlia n\u00e3o conseguiu prestar os primeiros socorros.<\/p>\n<\/div>\n<\/div>\n<div class=\"wall protected-content\">\n<div id=\"chunk-cj0i4\">\n<p>&nbsp;<\/p>\n<\/div>\n<div id=\"chunk-b4t0c\">\n<div class=\"mc-column content-text active-extra-styles \" data-block-type=\"unstyled\" data-block-weight=\"56\" data-block-id=\"5\">\n<p class=\"content-text__container \" data-track-category=\"Link no Texto\" data-track-links=\"\">O caso aconteceu na manh\u00e3 desta ter\u00e7a-feira (27). De acordo com os relatos da investiga\u00e7\u00e3o, ap\u00f3s verem a situa\u00e7\u00e3o, a fam\u00edlia levou a garota at\u00e9 o Hospital Municipal de Edealina, que era o hospital mais pr\u00f3ximo do local onde ela se engasgou. A adolescente chegou na unidade de sa\u00fade j\u00e1 sem vida, apontou a investiga\u00e7\u00e3o.<\/p>\n<\/div>\n<\/div>\n<\/div>\n<div class=\"mc-article-body\">\n<article>\n<div id=\"chunk-f8bmc\">\n<div class=\"row medium-uncollapsed content-media content-photo\" data-block-type=\"backstage-photo\" data-block-id=\"1\">\n<div class=\" mc-column content-media__container\">\n<div class=\"content-media-container glb-skeleton-box\">\n<figure class=\"content-media-figure\">\n<p><figure style=\"width: 647px\" class=\"wp-caption aligncenter\"><img loading=\"lazy\" decoding=\"async\" class=\"i-amphtml-fill-content i-amphtml-replaced-content\" src=\"https:\/\/s2-g1.glbimg.com\/uvtH3w2tBTLbsj47K0rm6Uaa5Ow=\/0x0:1700x1065\/984x0\/smart\/filters:strip_icc()\/i.s3.glbimg.com\/v1\/AUTH_59edd422c0c84a879bd37670ae4f538a\/internal_photos\/bs\/2023\/K\/M\/yAJdTqThyTPytZoBdBgA\/edealina.png\" sizes=\"auto, (max-width: 1366px) 648px, 100vw\" srcset=\"https:\/\/s2-g1.glbimg.com\/oxfHlUSip3pXwHYKr7I464uby10=\/0x0:1700x1065\/1000x0\/smart\/filters:strip_icc()\/i.s3.glbimg.com\/v1\/AUTH_59edd422c0c84a879bd37670ae4f538a\/internal_photos\/bs\/2023\/K\/M\/yAJdTqThyTPytZoBdBgA\/edealina.png 1000w, https:\/\/s2-g1.glbimg.com\/uvtH3w2tBTLbsj47K0rm6Uaa5Ow=\/0x0:1700x1065\/984x0\/smart\/filters:strip_icc()\/i.s3.glbimg.com\/v1\/AUTH_59edd422c0c84a879bd37670ae4f538a\/internal_photos\/bs\/2023\/K\/M\/yAJdTqThyTPytZoBdBgA\/edealina.png 984w, https:\/\/s2-g1.glbimg.com\/fNeWkfcJiqItWw-uUCx0GCBv3zo=\/0x0:1700x1065\/640x0\/smart\/filters:strip_icc()\/i.s3.glbimg.com\/v1\/AUTH_59edd422c0c84a879bd37670ae4f538a\/internal_photos\/bs\/2023\/K\/M\/yAJdTqThyTPytZoBdBgA\/edealina.png 640w, https:\/\/s2-g1.glbimg.com\/FpZQlUa1vnsPxpYbIbePECBsfFo=\/0x0:1700x1065\/600x0\/smart\/filters:strip_icc()\/i.s3.glbimg.com\/v1\/AUTH_59edd422c0c84a879bd37670ae4f538a\/internal_photos\/bs\/2023\/K\/M\/yAJdTqThyTPytZoBdBgA\/edealina.png 600w\" alt=\"Munic\u00edpio de Edealina \u2014 Foto: Reprodu\u00e7\u00e3o\/Prefeitura de Edealina \" width=\"647\" height=\"405\" \/><figcaption class=\"wp-caption-text\">Munic\u00edpio de Edealina \u2014 Foto: Reprodu\u00e7\u00e3o\/Prefeitura de Edealin<\/figcaption><\/figure><\/figure>\n<\/div>\n<p class=\"content-media__description \">\n<\/div>\n<\/div>\n<\/div>\n<\/article>\n<\/div>\n<div class=\"wall protected-content\">\n<div id=\"chunk-5jjai\">\n<div class=\"mc-column content-text active-extra-styles \" data-block-type=\"unstyled\" data-block-weight=\"42\" data-block-id=\"9\">\n<p class=\"content-text__container \" data-track-category=\"Link no Texto\" data-track-links=\"\">Ao g1, a Pol\u00edcia Civil informou que foi acionada pelos m\u00e9dicos do hospital para atender \u00e0 ocorr\u00eancia. Ao chegarem no local, os policiais acionaram o Instituto M\u00e9dico Legal para recolherem o corpo, que foi transportado para Morrinhos para passar por per\u00edcia. (Por Gustavo Cruz, g1 Goi\u00e1s)<\/p>\n<\/div>\n<\/div>\n<\/div>\n<p data-track-category=\"Link no Texto\" data-track-links=\"\">\n<section id=\"el-221\" class=\"el-texto-simples \">\n<div class=\"container\">\n<div class=\"texto\">\n<div class=\"texto-editavel\">\n<p><strong>O que \u00e9 engasgo?<\/strong><\/p>\n<p>Um engasgo \u00e9 o bloqueio da traqueia \u2013 \u00f3rg\u00e3o respons\u00e1vel pela passagem de ar para dentro e fora dos pulm\u00f5es \u2013 por algum objeto estranho ao corpo como alimentos, utens\u00edlios e at\u00e9 mesmo fluidos como saliva, v\u00f4mito e sangue.<\/p>\n<p>&nbsp;<\/p>\n<p>Em nosso corpo, a traqueia \u00e9 protegida pela epiglote, uma esp\u00e9cie de porta que se abre e se fecha de acordo com a necessidade do momento. Quando ingerimos alimentos ou l\u00edquidos, a traqueia se fecha para que nada se infiltre e chegue at\u00e9 o pulm\u00e3o. Quando respiramos, a traqueia se mant\u00e9m aberta para que o ar entre nos pulm\u00f5es.<\/p>\n<p>&nbsp;<\/p>\n<p>Quando h\u00e1 falhas no funcionamento da epiglote, os alimentos e l\u00edquidos podem acabar chegando ao pulm\u00e3o, bloqueando a passagem do ar, o que causa asfixia e pode levar \u00e0 morte dependendo da gravidade do engasgo.<\/p>\n<p>&nbsp;<\/p>\n<p>E por oferecer risco de vida, algumas situa\u00e7\u00f5es de engasgo podem ser classificadas como emerg\u00eancias m\u00e9dicas, e devem ser atendidas o mais r\u00e1pido poss\u00edvel.<\/p>\n<p><strong>\u00a0<\/strong><\/p>\n<p><strong>Como agir em casos de engasgos?<\/strong><\/p>\n<p>Em casos de engasgo, a primeira coisa a se fazer \u00e9 avaliar se ser\u00e1 poss\u00edvel ajudar a v\u00edtima. Caso voc\u00ea perceba que est\u00e1 al\u00e9m da sua possibilidade de oferecer ajuda, chame a emerg\u00eancia imediatamente!<\/p>\n<p>&nbsp;<\/p>\n<p>Moedas, brinquedos pequenos, pedras, alimentos e outros objetos podem estar entre os motivos de engasgo. A manobra mais usada e conhecida mundialmente em casos de urg\u00eancias como essas \u00e9 a\u00a0<strong>Manobra de Heimlich<\/strong>.<\/p>\n<p>&nbsp;<\/p>\n<p>Essa manobra consiste em realizar uma press\u00e3o na regi\u00e3o da \u2018boca\u2019 do est\u00f4mago (epig\u00e1strio), resultando na desobstru\u00e7\u00e3o das vias a\u00e9reas. Confira a ilustra\u00e7\u00e3o abaixo.<\/p>\n<\/div>\n<\/div>\n<\/div>\n<\/section>\n<section id=\"el-222\" class=\"el-texto-imagem-lateral imagem-right\">\n<div class=\"container\">\n<div class=\"wrapper\">\n<div class=\"img\"><img decoding=\"async\" src=\"https:\/\/www.medicar.com.br\/uploads\/pagina\/elemento\/campo\/2019\/12\/710ELktPPk5hgNGA\/screen-shot-2019-12-10-at-180909.png\" alt=\"\" \/><\/div>\n<div class=\"texto\">\n<h2 class=\"v1\">Manobra de Heimlich<\/h2>\n<div class=\"texto-editavel\">\n<p>A Manobra de Heimlich pode ser usada em adultos e crian\u00e7as maiores de um ano de idade. Ao abra\u00e7ar a pessoa engasgada pelo abd\u00f4men, posicione uma das m\u00e3os sobre o epig\u00e1strico e com a outra m\u00e3o pressione a primeira m\u00e3o, ao mesmo tempo que realiza um movimento de gancho, como se fosse levantar a pessoa. Continue o movimento at\u00e9 que a pessoa desobstrua as vias.<\/p>\n<p>&nbsp;<\/p>\n<p>Em casos de crian\u00e7a a partir de um ano, o procedimento \u00e9 o mesmo, contudo, voc\u00ea deve se ajoelhar para ficar do mesmo tamanho que a crian\u00e7a.<\/p>\n<p>&nbsp;<\/p>\n<p>No caso de beb\u00eas, outra manobra deve ser usada. Ao constatar que o beb\u00ea est\u00e1 engasgado, voc\u00ea dever\u00e1, com a sua m\u00e3o n\u00e3o-dominante (a que voc\u00ea n\u00e3o escreve), fazer uma forma de \u201cV\u201d ao redor da boca da crian\u00e7a. E com a m\u00e3o dominante fazer press\u00f5es no espa\u00e7o intercostal, como ilustrado na imagem abaixo.<\/p>\n<\/div>\n<\/div>\n<\/div>\n<\/div>\n<\/section>\n<section id=\"el-224\" class=\"el-texto-imagem-lateral imagem-right\">\n<div class=\"container\">\n<div class=\"wrapper\">\n<div class=\"img\"><img decoding=\"async\" src=\"https:\/\/www.medicar.com.br\/uploads\/pagina\/elemento\/campo\/2019\/12\/ypAIO9KeO9BvUt55\/screen-shot-2019-12-10-at-181052.png\" alt=\"\" \/><\/div>\n<div class=\"texto\">\n<div class=\"texto-editavel\">\n<p><img decoding=\"async\" src=\"https:\/\/www.medicar.com.br\/uploads\/tinymce\/uploads\/Screen_Shot_2019-12-10_at_18.12.20.png\" alt=\"\" \/><\/p>\n<\/div>\n<\/div>\n<\/div>\n<\/div>\n<\/section>\n<section id=\"el-225\" class=\"el-texto-simples \">\n<div class=\"container\">\n<div class=\"texto\">\n<div class=\"texto-editavel\">\n<p>Caso a crian\u00e7a continue engasgada, o indicado \u00e9 que a manobra mude. Voc\u00ea dever\u00e1 virar a crian\u00e7a de barriga para cima, e fazer press\u00f5es com os dedos indicadores e m\u00e9dio no centro do peito do beb\u00ea. Caso n\u00e3o haja desengasgo, o procedimento dever\u00e1 continuar a ser feito at\u00e9 que o servi\u00e7o de emerg\u00eancia chegue.(Fonte: Medicar)<\/p>\n<\/div>\n<\/div>\n<\/div>\n<\/section>\n","protected":false},"excerpt":{"rendered":"<p>Uma adolescente de 17 anos morreu ap\u00f3s se engasgar com um peda\u00e7o de mexerica, em Pontalina, no sul do estado. Segundo a Pol\u00edcia Civil, a adolescente morava na zona rural do munic\u00edpio e a fam\u00edlia n\u00e3o conseguiu prestar os primeiros socorros. &nbsp; O caso aconteceu na manh\u00e3 desta ter\u00e7a-feira (27). De acordo com os relatos [&hellip;]<\/p>\n","protected":false},"author":5,"featured_media":243894,"comment_status":"closed","ping_status":"closed","sticky":false,"template":"","format":"standard","meta":{"footnotes":""},"categories":[141],"tags":[],"class_list":["post-243888","post","type-post","status-publish","format-standard","has-post-thumbnail","hentry","category-goias"],"_links":{"self":[{"href":"https:\/\/www.ocorreionews.com.br\/acervo-correio\/index.php?rest_route=\/wp\/v2\/posts\/243888","targetHints":{"allow":["GET"]}}],"collection":[{"href":"https:\/\/www.ocorreionews.com.br\/acervo-correio\/index.php?rest_route=\/wp\/v2\/posts"}],"about":[{"href":"https:\/\/www.ocorreionews.com.br\/acervo-correio\/index.php?rest_route=\/wp\/v2\/types\/post"}],"author":[{"embeddable":true,"href":"https:\/\/www.ocorreionews.com.br\/acervo-correio\/index.php?rest_route=\/wp\/v2\/users\/5"}],"replies":[{"embeddable":true,"href":"https:\/\/www.ocorreionews.com.br\/acervo-correio\/index.php?rest_route=%2Fwp%2Fv2%2Fcomments&post=243888"}],"version-history":[{"count":2,"href":"https:\/\/www.ocorreionews.com.br\/acervo-correio\/index.php?rest_route=\/wp\/v2\/posts\/243888\/revisions"}],"predecessor-version":[{"id":243896,"href":"https:\/\/www.ocorreionews.com.br\/acervo-correio\/index.php?rest_route=\/wp\/v2\/posts\/243888\/revisions\/243896"}],"wp:featuredmedia":[{"embeddable":true,"href":"https:\/\/www.ocorreionews.com.br\/acervo-correio\/index.php?rest_route=\/wp\/v2\/media\/243894"}],"wp:attachment":[{"href":"https:\/\/www.ocorreionews.com.br\/acervo-correio\/index.php?rest_route=%2Fwp%2Fv2%2Fmedia&parent=243888"}],"wp:term":[{"taxonomy":"category","embeddable":true,"href":"https:\/\/www.ocorreionews.com.br\/acervo-correio\/index.php?rest_route=%2Fwp%2Fv2%2Fcategories&post=243888"},{"taxonomy":"post_tag","embeddable":true,"href":"https:\/\/www.ocorreionews.com.br\/acervo-correio\/index.php?rest_route=%2Fwp%2Fv2%2Ftags&post=243888"}],"curies":[{"name":"wp","href":"https:\/\/api.w.org\/{rel}","templated":true}]}}