{"id":243893,"date":"2023-06-28T09:21:00","date_gmt":"2023-06-28T13:21:00","guid":{"rendered":"https:\/\/www.ocorreionews.com.br\/acervo-correio\/?p=243893"},"modified":"2023-06-28T09:21:00","modified_gmt":"2023-06-28T13:21:00","slug":"prefeitura-realizou-acoes-de-trabalho-social-com-os-beneficiarios-do-residencial-planalto-1","status":"publish","type":"post","link":"https:\/\/www.ocorreionews.com.br\/acervo-correio\/?p=243893","title":{"rendered":"Prefeitura realizou a\u00e7\u00f5es de trabalho social com os benefici\u00e1rios do Residencial Planalto 1"},"content":{"rendered":"<p style=\"font-weight: 400;\">A Secretaria de Assist\u00eancia Social em parceria com a empresa Iana Projetos na sexta-feira, 23, realizou a \u00faltima atividade do Projeto de Trabalho Social realizado no Residencial Planalto 1. Ao longo dos meses, foram desenvolvidas diversas atividades sociais no condom\u00ednio.<\/p>\n<p style=\"font-weight: 400;\">Na finaliza\u00e7\u00e3o das atividades houve dia da beleza (escova e maquiagem) para as benefici\u00e1rias, atividade cultural e art\u00edstica com m\u00fasica e pintura facial, finalizando com um lanche coletivo.<\/p>\n<p style=\"font-weight: 400;\">A Secret\u00e1ria de Assist\u00eancia Social, Maria das Dores Zocal Krug, agradece e parabeniza todos os participantes das a\u00e7\u00f5es sociais desenvolvidas no Residencial Planalto 1, que tinham como finalidade aprimorar a conviv\u00eancia comunit\u00e1ria e contribuir com a sustentabilidade do condom\u00ednio.<\/p>\n<p style=\"font-weight: 400;\">Confira abaixo as a\u00e7\u00f5es:<\/p>\n<p><img loading=\"lazy\" decoding=\"async\" class=\"alignnone size-full wp-image-243897\" src=\"https:\/\/www.ocorreionews.com.br\/acervo-correio\/wp-content\/uploads\/2023\/06\/01.png\" alt=\"\" width=\"574\" height=\"530\" srcset=\"https:\/\/www.ocorreionews.com.br\/acervo-correio\/wp-content\/uploads\/2023\/06\/01.png 574w, https:\/\/www.ocorreionews.com.br\/acervo-correio\/wp-content\/uploads\/2023\/06\/01-300x277.png 300w\" sizes=\"auto, (max-width: 574px) 100vw, 574px\" \/><\/p>\n<p>&nbsp;<\/p>\n<p>*Assecom PMCS<\/p>\n<p>&nbsp;<\/p>\n","protected":false},"excerpt":{"rendered":"<p>A Secretaria de Assist\u00eancia Social em parceria com a empresa Iana Projetos na sexta-feira, 23, realizou a \u00faltima atividade do Projeto de Trabalho Social realizado no Residencial Planalto 1. Ao longo dos meses, foram desenvolvidas diversas atividades sociais no condom\u00ednio. Na finaliza\u00e7\u00e3o das atividades houve dia da beleza (escova e maquiagem) para as benefici\u00e1rias, atividade [&hellip;]<\/p>\n","protected":false},"author":5,"featured_media":243899,"comment_status":"closed","ping_status":"closed","sticky":false,"template":"","format":"standard","meta":{"footnotes":""},"categories":[23],"tags":[],"class_list":["post-243893","post","type-post","status-publish","format-standard","has-post-thumbnail","hentry","category-chapadao-do-sul"],"_links":{"self":[{"href":"https:\/\/www.ocorreionews.com.br\/acervo-correio\/index.php?rest_route=\/wp\/v2\/posts\/243893","targetHints":{"allow":["GET"]}}],"collection":[{"href":"https:\/\/www.ocorreionews.com.br\/acervo-correio\/index.php?rest_route=\/wp\/v2\/posts"}],"about":[{"href":"https:\/\/www.ocorreionews.com.br\/acervo-correio\/index.php?rest_route=\/wp\/v2\/types\/post"}],"author":[{"embeddable":true,"href":"https:\/\/www.ocorreionews.com.br\/acervo-correio\/index.php?rest_route=\/wp\/v2\/users\/5"}],"replies":[{"embeddable":true,"href":"https:\/\/www.ocorreionews.com.br\/acervo-correio\/index.php?rest_route=%2Fwp%2Fv2%2Fcomments&post=243893"}],"version-history":[{"count":1,"href":"https:\/\/www.ocorreionews.com.br\/acervo-correio\/index.php?rest_route=\/wp\/v2\/posts\/243893\/revisions"}],"predecessor-version":[{"id":243900,"href":"https:\/\/www.ocorreionews.com.br\/acervo-correio\/index.php?rest_route=\/wp\/v2\/posts\/243893\/revisions\/243900"}],"wp:featuredmedia":[{"embeddable":true,"href":"https:\/\/www.ocorreionews.com.br\/acervo-correio\/index.php?rest_route=\/wp\/v2\/media\/243899"}],"wp:attachment":[{"href":"https:\/\/www.ocorreionews.com.br\/acervo-correio\/index.php?rest_route=%2Fwp%2Fv2%2Fmedia&parent=243893"}],"wp:term":[{"taxonomy":"category","embeddable":true,"href":"https:\/\/www.ocorreionews.com.br\/acervo-correio\/index.php?rest_route=%2Fwp%2Fv2%2Fcategories&post=243893"},{"taxonomy":"post_tag","embeddable":true,"href":"https:\/\/www.ocorreionews.com.br\/acervo-correio\/index.php?rest_route=%2Fwp%2Fv2%2Ftags&post=243893"}],"curies":[{"name":"wp","href":"https:\/\/api.w.org\/{rel}","templated":true}]}}