{"id":243905,"date":"2023-06-28T09:36:14","date_gmt":"2023-06-28T13:36:14","guid":{"rendered":"https:\/\/www.ocorreionews.com.br\/acervo-correio\/?p=243905"},"modified":"2023-06-28T09:40:36","modified_gmt":"2023-06-28T13:40:36","slug":"censo-revela-203-milhoes-de-habitantes-no-brasil-47-mi-abaixo-do-previsto","status":"publish","type":"post","link":"https:\/\/www.ocorreionews.com.br\/acervo-correio\/?p=243905","title":{"rendered":"Censo revela 203 milh\u00f5es de habitantes no Brasil, 4,7 mi abaixo do previsto"},"content":{"rendered":"<div id=\"chunk-euqti\">\n<div class=\"mc-column content-text active-extra-styles \" data-block-type=\"unstyled\" data-block-weight=\"37\" data-block-id=\"3\">\n<p class=\"content-text__container \" data-track-category=\"Link no Texto\" data-track-links=\"\">O Brasil tem <span class=\"highlight highlighted\">203.062.512 de habitantes<\/span>, segundo o Censo Demogr\u00e1fico 2022, realizado mais de dez anos ap\u00f3s a edi\u00e7\u00e3o anterior da pesquisa. Os primeiros resultados foram divulgados nesta quarta-feira (28) pelo Instituto de Geografia e Estat\u00edstica (IBGE).<\/p>\n<p data-track-category=\"Link no Texto\" data-track-links=\"\">\n<\/div>\n<\/div>\n<div class=\"wall protected-content\">\n<div id=\"chunk-3hu5u\">\n<div class=\"mc-column content-text active-extra-styles \" data-block-type=\"unstyled\" data-block-weight=\"51\" data-block-id=\"4\">\n<p class=\"content-text__container \" data-track-category=\"Link no Texto\" data-track-links=\"\">O n\u00famero veio abaixo das proje\u00e7\u00f5es anteriores do \u00f3rg\u00e3o. Em 2021, o progn\u00f3stico apontava que pa\u00eds teria ao menos 213 milh\u00f5es de habitantes. Em dezembro de 2022, j\u00e1 com dados pr\u00e9vios do levantamento, o IBGE revisou a estimativa para <span class=\"highlight highlighted\">207,7 milh\u00f5es, ou 4,7 milh\u00f5es de pessoas acima do c\u00e1lculo final<\/span>.<\/p>\n<p data-track-category=\"Link no Texto\" data-track-links=\"\">\n<\/div>\n<\/div>\n<div id=\"chunk-dnlnj\">\n<div class=\"mc-column content-text active-extra-styles \" data-block-type=\"unstyled\" data-block-weight=\"48\" data-block-id=\"5\">\n<p class=\"content-text__container \" data-track-category=\"Link no Texto\" data-track-links=\"\"><strong>O que \u00e9 o Censo?<\/strong> \u00c9 uma pesquisa realizada pelo IBGE para fazer uma ampla coleta de dados sobre a popula\u00e7\u00e3o brasileira. Ela permite tra\u00e7ar um perfil socioecon\u00f4mico do pa\u00eds, j\u00e1 que conta os habitantes do territ\u00f3rio nacional, identifica suas caracter\u00edsticas e revela como vivem os brasileiros.<\/p>\n<\/div>\n<\/div>\n<div id=\"chunk-dcmbt\">\n<div class=\"content-ads content-ads--reveal\" data-block-type=\"ads\" data-block-id=\"6\">\n<div><\/div>\n<\/div>\n<\/div>\n<div id=\"chunk-c0emm\">\n<div class=\"mc-column content-text active-extra-styles \" data-block-type=\"unstyled\" data-block-weight=\"59\" data-block-id=\"7\">\n<p class=\"content-text__container \" data-track-category=\"Link no Texto\" data-track-links=\"\"><strong>Por que ele \u00e9 importante?<\/strong> Porque ele identifica informa\u00e7\u00f5es essenciais para o desenvolvimento e implementa\u00e7\u00e3o de pol\u00edticas p\u00fablicas e para a realiza\u00e7\u00e3o de investimentos p\u00fablicos e privados. Interfere, por exemplo, na distribui\u00e7\u00e3o das transfer\u00eancias da Uni\u00e3o para estados e munic\u00edpios e na identifica\u00e7\u00e3o de \u00e1reas de investimento priorit\u00e1rio em sa\u00fade, educa\u00e7\u00e3o, habita\u00e7\u00e3o, transportes e energia.<\/p>\n<p data-track-category=\"Link no Texto\" data-track-links=\"\">\n<\/div>\n<\/div>\n<div id=\"chunk-cjato\">\n<div class=\"mc-column content-text active-extra-styles \" data-block-type=\"unstyled\" data-block-weight=\"8\" data-block-id=\"8\">\n<p class=\"content-text__container \" data-track-category=\"Link no Texto\" data-track-links=\"\"><strong> Veja, abaixo, os destaques do Censo 2022:<\/strong><\/p>\n<p data-track-category=\"Link no Texto\" data-track-links=\"\">\n<\/div>\n<\/div>\n<div id=\"chunk-cjebn\">\n<div class=\"mc-column content-text active-extra-styles\" data-block-type=\"raw\" data-block-weight=\"223\" data-block-id=\"9\">\n<ul class=\"content-unordered-list\">\n<li>Os dados revelam a popula\u00e7\u00e3o do pa\u00eds em <span class=\"highlight highlighted\">1\u00ba de agosto de 2022<\/span>.<\/li>\n<li>A popula\u00e7\u00e3o brasileira registrou um <span class=\"highlight highlighted\">aumento de 6,45%<\/span> em rela\u00e7\u00e3o \u00e0 edi\u00e7\u00e3o anterior da pesquisa, em 2010, que havia contabilizado 190.755.799 de pessoas.<\/li>\n<li>Em n\u00fameros absolutos, houve um <span class=\"highlight highlighted\">crescimento de 12.262.757 habitantes<\/span>.<\/li>\n<li>A taxa de crescimento nesses 12 anos foi de <span class=\"highlight highlighted\">0,52% ao ano<\/span>, o menor n\u00edvel da s\u00e9rie hist\u00f3rica.<\/li>\n<li>As regi\u00f5es <span class=\"highlight highlighted\">Sul e Sudeste puxaram o crescimento da popula\u00e7\u00e3o<\/span> brasileira. O Sudeste ganhou 4.482.777 pessoas, e o Sul, 2.546.424.<\/li>\n<li>Dos 5.570 munic\u00edpios do Brasil, <span class=\"highlight highlighted\">3.168 ganharam habitantes entre 2010 e 2012<\/span> \u2013 isso representa 56,9% do total.<\/li>\n<li>Dos 5.570 munic\u00edpios do Brasil, <span class=\"highlight highlighted\">2.399 perderam habitantes entre 2010 e 2022<\/span> \u2013 isso representa 43% do total.<\/li>\n<li>Cidade mais populosa do pa\u00eds, <span class=\"highlight highlighted\">S\u00e3o Paulo tem \u00e9 11.451.245 habitantes<\/span>. Na sequ\u00eancia, v\u00eam Rio e Bras\u00edlia.<\/li>\n<li>O <span class=\"highlight highlighted\">Brasil tem tr\u00eas cidades com menos de mil habitantes<\/span> \u2013 Serra da Saudade (MG), com 833 habitantes; Bor\u00e1 (SP), com 907; e Anhanguera (GO), com 924.<\/li>\n<li>O <span class=\"highlight highlighted\">crescimento populacional foi maior no interior do que em capitais<\/span> \u2013 66,58% dos novos habitantes se concentraram em regi\u00f5es fora desses grandes centros urbanos.<\/li>\n<li><span class=\"highlight highlighted\">5% das cidades brasileiras concentram 56% popula\u00e7\u00e3o<\/span> do pa\u00eds. Ao todo, 115,6 milh\u00f5es de pessoas, ou 56,95% da popula\u00e7\u00e3o, vivem em apenas 319 cidades.<\/li>\n<li>A <span class=\"highlight highlighted\">m\u00e9dia de moradores por domic\u00edlio caiu de 3,31 para 2,79<\/span>.<\/li>\n<\/ul>\n<div id=\"chunk-1e56s\">\n<div class=\"mc-column content-text active-extra-styles\" data-block-type=\"raw\" data-block-weight=\"4\" data-block-id=\"17\">\n<div class=\"content-intertitle\">\n<h2><strong>N\u00fameros do Censo 2022<\/strong><\/h2>\n<\/div>\n<p>&nbsp;<\/p>\n<\/div>\n<\/div>\n<div id=\"chunk-eu0fl\">\n<div id=\"1\" class=\"anchor-position\"><\/div>\n<\/div>\n<div id=\"chunk-47ubu\">\n<div class=\"mc-column content-text active-extra-styles \" data-block-type=\"unstyled\" data-block-weight=\"27\" data-block-id=\"18\">\n<p class=\"content-text__container \" data-track-category=\"Link no Texto\" data-track-links=\"\"><strong>\u00a0Quantos munic\u00edpios receberam visita de recenseadores? <\/strong>Todos os 5.568 munic\u00edpios brasileiros, mais dois distritos (Fernando de Noronha e Distrito Federal), num total de 5.570 localidades.<\/p>\n<p data-track-category=\"Link no Texto\" data-track-links=\"\">\n<\/div>\n<\/div>\n<div id=\"chunk-1ofjk\">\n<div class=\"mc-column content-text active-extra-styles \" data-block-type=\"unstyled\" data-block-weight=\"18\" data-block-id=\"19\">\n<p class=\"content-text__container \" data-track-category=\"Link no Texto\" data-track-links=\"\"><strong>Quantos domic\u00edlios foram visitados? <\/strong>Segundo o IBGE, 106,8 milh\u00f5es de endere\u00e7os em 8,5 milh\u00f5es de quil\u00f4metros quadrados.<\/p>\n<p data-track-category=\"Link no Texto\" data-track-links=\"\">\n<\/div>\n<\/div>\n<div id=\"chunk-1457i\">\n<div class=\"mc-column content-text active-extra-styles \" data-block-type=\"unstyled\" data-block-weight=\"32\" data-block-id=\"20\">\n<p class=\"content-text__container \" data-track-category=\"Link no Texto\" data-track-links=\"\"><strong>Quantos question\u00e1rios foram respondidos? <\/strong>79.160.207, dos quais 88,9% com 26 quesitos e 11,1% com 77 quesitos. No total, 98,88% das entrevistas foram presenciais; o restante foi pela internet ou por telefone.<\/p>\n<div id=\"chunk-ccgku\">\n<div class=\"mc-column content-text active-extra-styles \" data-block-type=\"unstyled\" data-block-weight=\"40\" data-block-id=\"22\">\n<p class=\"content-text__container \" data-track-category=\"Link no Texto\" data-track-links=\"\"><strong>Que dados a pesquisa coletou?<\/strong> Al\u00e9m verificar exatamente qual o tamanho da popula\u00e7\u00e3o, o Censo compila dados sobre as caracter\u00edsticas dos moradores (como idade, sexo, cor ou ra\u00e7a, religi\u00e3o, escolaridade e renda) e informa\u00e7\u00f5es sobre saneamento b\u00e1sico dos domic\u00edlios.<\/p>\n<p data-track-category=\"Link no Texto\" data-track-links=\"\">\n<\/div>\n<\/div>\n<div id=\"chunk-3ef7l\">\n<div class=\"mc-column content-text active-extra-styles \" data-block-type=\"unstyled\" data-block-weight=\"88\" data-block-id=\"23\">\n<p class=\"content-text__container \" data-track-category=\"Link no Texto\" data-track-links=\"\"><strong>Por que o Censo 2022 atrasou?<\/strong> A lei prev\u00ea que a pesquisa deve ocorrer a cada dez anos. Como a edi\u00e7\u00e3o anterior era de 2010, ela deveria ter sido realizada novamente em 2020, mas foi suspensa por conta da pandemia de Covid-19. Em 2021, o Censo sofreu segundo adiamento, desta vez por cortes or\u00e7ament\u00e1rios do governo. Ap\u00f3s determina\u00e7\u00e3o do Supremo Tribunal Federal (STF), o governo federal liberou os R$ 2,3 bilh\u00f5es solicitados pelo IBGE, que deu in\u00edcio aos trabalhos em 1\u00ba de agosto de 2022.<\/p>\n<p data-track-category=\"Link no Texto\" data-track-links=\"\">\n<\/div>\n<\/div>\n<div id=\"chunk-7dle5\">\n<div class=\"mc-column content-text active-extra-styles \" data-block-type=\"unstyled\" data-block-weight=\"39\" data-block-id=\"24\">\n<p class=\"content-text__container \" data-track-category=\"Link no Texto\" data-track-links=\"\">Questionado, o IBGE n\u00e3o havia explicado, at\u00e9 a \u00faltima atualiza\u00e7\u00e3o desta reportagem, o que causou a diferen\u00e7a entre o n\u00famero final divulgado e as estimativas dos \u00faltimos anos. O \u00f3rg\u00e3o informou que dem\u00f3grafos iniciaram trabalhos para elucidar o fen\u00f4meno.<\/p>\n<p data-track-category=\"Link no Texto\" data-track-links=\"\">\n<\/div>\n<\/div>\n<div id=\"chunk-4qhr1\">\n<div class=\"mc-column content-text active-extra-styles \" data-block-type=\"unstyled\" data-block-weight=\"24\" data-block-id=\"25\">\n<p class=\"content-text__container \" data-track-category=\"Link no Texto\" data-track-links=\"\">As estimativas populacionais divulgadas pelo IBGE tamb\u00e9m servem de par\u00e2metro para obriga\u00e7\u00f5es do Estado brasileiro, como repasses de dinheiro da Uni\u00e3o para munic\u00edpios.<\/p>\n<p data-track-category=\"Link no Texto\" data-track-links=\"\">\n<\/div>\n<\/div>\n<div id=\"chunk-ga4m\">\n<div class=\"mc-column content-text active-extra-styles \" data-block-type=\"unstyled\" data-block-weight=\"62\" data-block-id=\"26\">\n<p class=\"content-text__container \" data-track-category=\"Link no Texto\" data-track-links=\"\">A distribui\u00e7\u00e3o do Fundo de Participa\u00e7\u00e3o de Estados e Munic\u00edpios (FPM) pelo Tribunal de Contas da Uni\u00e3o (TCU) \u00e9 uma das atribui\u00e7\u00f5es do Estado que leva em conta n\u00fameros Censo. Para a grande maioria das cidades \u2014 todas aquelas que n\u00e3o s\u00e3o capitais e que t\u00eam menos de 142.633 habitantes \u2014, o crit\u00e9rio utilizado para o repasse de recursos \u00e9 populacional.<\/p>\n<div id=\"chunk-3i1nl\">\n<div class=\"mc-column content-text active-extra-styles \" data-block-type=\"unstyled\" data-block-weight=\"47\" data-block-id=\"28\">\n<p class=\"content-text__container \" data-track-category=\"Link no Texto\" data-track-links=\"\">O n\u00famero de habitantes contabilizado pelo IBGE define o coeficiente em que a cidade se enquadra. Esse \u00edndice determina qual ser\u00e1 a participa\u00e7\u00e3o de determinado munic\u00edpio no fundo. Quanto menor a popula\u00e7\u00e3o, menor o coeficiente \u2013 e, portanto, menor o valor do repasse realizado pela Uni\u00e3o.<\/p>\n<p data-track-category=\"Link no Texto\" data-track-links=\"\">\n<\/div>\n<\/div>\n<div id=\"chunk-8t6v1\">\n<div class=\"mc-column content-text active-extra-styles \" data-block-type=\"unstyled\" data-block-weight=\"16\" data-block-id=\"29\">\n<p class=\"content-text__container \" data-track-category=\"Link no Texto\" data-track-links=\"\">A diminui\u00e7\u00e3o da popula\u00e7\u00e3o em rela\u00e7\u00e3o \u00e0s estimativas anteriores pode alterar o enquadramento dos munic\u00edpios.<\/p>\n<p data-track-category=\"Link no Texto\" data-track-links=\"\">\n<\/div>\n<\/div>\n<div id=\"chunk-b4hhc\">\n<div class=\"mc-column content-text active-extra-styles \" data-block-type=\"unstyled\" data-block-weight=\"34\" data-block-id=\"30\">\n<p class=\"content-text__container \" data-track-category=\"Link no Texto\" data-track-links=\"\">Em 2023, n\u00e3o haver\u00e1 mudan\u00e7a na distribui\u00e7\u00e3o, pois o TCU havia estabelecido que seriam aplicados os mesmos par\u00e2metros de distribui\u00e7\u00e3o utilizados no ano passado. Para 2024, no entanto, esses n\u00fameros ainda n\u00e3o foram definidos.<\/p>\n<p data-track-category=\"Link no Texto\" data-track-links=\"\">\n<\/div>\n<\/div>\n<div id=\"chunk-8qoq3\">\n<div class=\"mc-column content-text active-extra-styles\" data-block-type=\"raw\" data-block-weight=\"5\" data-block-id=\"31\">\n<div class=\"content-intertitle\">\n<h2>Ranking de estados + DF<\/h2>\n<div id=\"chunk-9d9fj\">\n<div class=\"content-ads content-ads--reveal\" data-block-type=\"ads\" data-block-id=\"32\">\n<div id=\"banner_materia__5cfc3941-b0c0-4a77-a773-4ffe2dfe5efb\" class=\"tag-manager-publicidade-container mc-has-reveal mc-has-ad-lazyload tag-manager-publicidade-banner_materia__5cfc3941-b0c0-4a77-a773-4ffe2dfe5efb tag-manager-publicidade-container--carregado tag-manager-publicidade-container--visivel\" data-id=\"banner_materia__5cfc3941-b0c0-4a77-a773-4ffe2dfe5efb\" data-google-query-id=\"CIzbgsGJ5v8CFeynlQId9JsBVA\">\n<div id=\"google_ads_iframe_\/95377733\/tvg_G1\/Economia_8__container__\"><\/div>\n<\/div>\n<\/div>\n<\/div>\n<div id=\"chunk-50se3\">\n<div class=\"row medium-uncollapsed content-media content-photo\" data-block-type=\"backstage-photo\" data-block-id=\"33\">\n<div class=\" mc-column content-media__container\">\n<div class=\"content-media-container glb-skeleton-box\">\n<figure class=\"content-media-figure\">\n<p><figure style=\"width: 647px\" class=\"wp-caption aligncenter\"><img loading=\"lazy\" decoding=\"async\" class=\"i-amphtml-fill-content i-amphtml-replaced-content\" src=\"https:\/\/s2-g1.glbimg.com\/S5nGDtEEIF6wCC3DnD4GQoHnX70=\/0x0:1200x2518\/984x0\/smart\/filters:strip_icc()\/i.s3.glbimg.com\/v1\/AUTH_59edd422c0c84a879bd37670ae4f538a\/internal_photos\/bs\/2023\/1\/t\/VhdQyuTju90u0TVD1QrQ\/2706-populacao-regiao-v.png\" sizes=\"auto, (max-width: 1366px) 648px, 100vw\" srcset=\"https:\/\/s2-g1.glbimg.com\/eXZhQFSIcEJn15zrKagL31FetWc=\/0x0:1200x2518\/1000x0\/smart\/filters:strip_icc()\/i.s3.glbimg.com\/v1\/AUTH_59edd422c0c84a879bd37670ae4f538a\/internal_photos\/bs\/2023\/1\/t\/VhdQyuTju90u0TVD1QrQ\/2706-populacao-regiao-v.png 1000w, https:\/\/s2-g1.glbimg.com\/S5nGDtEEIF6wCC3DnD4GQoHnX70=\/0x0:1200x2518\/984x0\/smart\/filters:strip_icc()\/i.s3.glbimg.com\/v1\/AUTH_59edd422c0c84a879bd37670ae4f538a\/internal_photos\/bs\/2023\/1\/t\/VhdQyuTju90u0TVD1QrQ\/2706-populacao-regiao-v.png 984w, https:\/\/s2-g1.glbimg.com\/x8dr-oMqkDJyoWChC2oY3ZYJIQ0=\/0x0:1200x2518\/640x0\/smart\/filters:strip_icc()\/i.s3.glbimg.com\/v1\/AUTH_59edd422c0c84a879bd37670ae4f538a\/internal_photos\/bs\/2023\/1\/t\/VhdQyuTju90u0TVD1QrQ\/2706-populacao-regiao-v.png 640w, https:\/\/s2-g1.glbimg.com\/CU5H4ilVZCVoh90xHRl7sMLr3nQ=\/0x0:1200x2518\/600x0\/smart\/filters:strip_icc()\/i.s3.glbimg.com\/v1\/AUTH_59edd422c0c84a879bd37670ae4f538a\/internal_photos\/bs\/2023\/1\/t\/VhdQyuTju90u0TVD1QrQ\/2706-populacao-regiao-v.png 600w\" alt=\"Distribui\u00e7\u00e3o da popula\u00e7\u00e3o pelas regi\u00f5es do Brasil. \u2014 Foto: Arte\/g1\" width=\"647\" height=\"1359\" \/><figcaption class=\"wp-caption-text\">Distribui\u00e7\u00e3o da popula\u00e7\u00e3o pelas regi\u00f5es do Brasil. \u2014 Foto: Arte\/g1<\/figcaption><\/figure><\/figure>\n<\/div>\n<p class=\"content-media__description \">\n<\/div>\n<\/div>\n<\/div>\n<div id=\"chunk-67ht6\">\n<div class=\"mc-column content-text active-extra-styles \" data-block-type=\"unstyled\" data-block-weight=\"20\" data-block-id=\"34\">\n<p class=\"content-text__container \" data-track-category=\"Link no Texto\" data-track-links=\"\">Neste momento inicial, o IBGE apresentou apenas os n\u00fameros populacionais do pa\u00eds, das suas grandes regi\u00f5es e dos munic\u00edpios.<\/p>\n<p data-track-category=\"Link no Texto\" data-track-links=\"\">\n<\/div>\n<\/div>\n<div id=\"chunk-ahqba\">\n<div class=\"mc-column content-text active-extra-styles \" data-block-type=\"unstyled\" data-block-weight=\"41\" data-block-id=\"35\">\n<p class=\"content-text__container \" data-track-category=\"Link no Texto\" data-track-links=\"\">Nas Unidades da Federa\u00e7\u00e3o (UFs), a popula\u00e7\u00e3o sofreu pouca altera\u00e7\u00e3o de distribui\u00e7\u00e3o. A regi\u00e3o Sudeste continua sendo a mais populosa, com 41,8% do total de habitantes do pa\u00eds. Na sequ\u00eancia, est\u00e3o o Nordeste (26,9%), Sul (14,7%), Norte (8,5%) e Centro-Oeste (8%).<\/p>\n<p data-track-category=\"Link no Texto\" data-track-links=\"\">\n<\/div>\n<\/div>\n<div id=\"chunk-4t5q9\">\n<div class=\"mc-column content-text active-extra-styles \" data-block-type=\"unstyled\" data-block-weight=\"26\" data-block-id=\"36\">\n<p class=\"content-text__container \" data-track-category=\"Link no Texto\" data-track-links=\"\">Tamb\u00e9m em posi\u00e7\u00e3o inalterada, o estado de S\u00e3o Paulo continua a ser o mais populoso do pa\u00eds, com 44,4 milh\u00f5es de habitantes (21,88% da popula\u00e7\u00e3o brasileira).<\/p>\n<p data-track-category=\"Link no Texto\" data-track-links=\"\">\n<\/div>\n<\/div>\n<div id=\"chunk-3f1cb\">\n<div class=\"mc-column content-text active-extra-styles \" data-block-type=\"unstyled\" data-block-weight=\"31\" data-block-id=\"37\">\n<p class=\"content-text__container \" data-track-category=\"Link no Texto\" data-track-links=\"\">Completam o p\u00f3dio Minas Gerais, com 20,5 milh\u00f5es de habitantes, e Rio de Janeiro, com 16 milh\u00f5es. Na ponta oposta, o estado com menor popula\u00e7\u00e3o \u00e9 Roraima, com 636 mil habitantes.<\/p>\n<ol class=\"content-ordered-list theme-ordered-list-color-primary\">\n<li><strong>S\u00e3o Paulo <\/strong>\u2013 44.420.459 habitantes<\/li>\n<li><strong>Minas Gerais <\/strong>\u2013 20.538.718 habitantes<\/li>\n<li><strong>Rio de Janeiro <\/strong>\u2013 16.054.524 habitantes<\/li>\n<li><strong>Bahia<\/strong> \u2013 14.136.417 habitantes<\/li>\n<li><strong>Paran\u00e1<\/strong> \u2013 11.443.208 habitantes<\/li>\n<li><strong>Rio Grande do Sul<\/strong> \u2013 10.880.506 habitantes<\/li>\n<li><strong>Pernambuco<\/strong> \u2013 9.058.155 habitantes<\/li>\n<li><strong>Cear\u00e1 <\/strong>\u2013 8.791.688 habitantes<\/li>\n<li><strong>Par\u00e1 <\/strong>\u2013 8.116.132 habitantes<\/li>\n<li><strong>Santa Catarina <\/strong>\u2013 7.609.601 habitantes<\/li>\n<li><strong>Goi\u00e1s <\/strong>\u2013 7.055.228 habitantes<\/li>\n<li><strong>Maranh\u00e3o <\/strong>\u2013 6.775.152 habitantes<\/li>\n<li><strong>Para\u00edba <\/strong>\u2013 3.974.495 habitantes<\/li>\n<li><strong>Amazonas<\/strong> \u2013 3.941.175 habitantes<\/li>\n<li><strong>Esp\u00edrito Santo<\/strong> \u2013 3.833.486 habitantes<\/li>\n<li><strong>Mato Grosso<\/strong> \u2013 3.658.813 habitantes<\/li>\n<li><strong>Rio Grande do Norte<\/strong> \u2013 3.302.406 habitantes<\/li>\n<li><strong>Piau\u00ed<\/strong> \u2013 3.269.200 habitantes<\/li>\n<li><strong>Alagoas<\/strong> \u2013 3.127.511 habitantes<\/li>\n<li><strong>Distrito Federal <\/strong>\u2013 2.817.068 habitantes<\/li>\n<li><strong>Mato Grosso do Sul <\/strong>\u2013 2.756.700 habitantes<\/li>\n<li><strong>Sergipe<\/strong> \u2013 2.209.558 habitantes<\/li>\n<li><strong>Rond\u00f4nia<\/strong> \u2013 1.581.016 habitantes<\/li>\n<li><strong>Tocantins<\/strong> \u2013 1.511.459 habitantes<\/li>\n<li><strong>Acre<\/strong> \u2013 830.026 habitantes<\/li>\n<li><strong>Amap\u00e1<\/strong> \u2013 733.508 habitantes<\/li>\n<li><strong>Roraima<\/strong> \u2013 636.303 habitantes<\/li>\n<\/ol>\n<div id=\"chunk-82gkk\">\n<div class=\"mc-column content-text active-extra-styles\" data-block-type=\"raw\" data-block-weight=\"3\" data-block-id=\"41\">\n<div class=\"content-intertitle\">\n<h2>Ranking dos munic\u00edpios<\/h2>\n<\/div>\n<\/div>\n<p>&nbsp;<\/p>\n<\/div>\n<div id=\"chunk-d510h\">\n<div id=\"3\" class=\"anchor-position\"><\/div>\n<\/div>\n<div id=\"chunk-e3cvn\">\n<div class=\"mc-column content-text active-extra-styles \" data-block-type=\"unstyled\" data-block-weight=\"28\" data-block-id=\"42\">\n<p class=\"content-text__container \" data-track-category=\"Link no Texto\" data-track-links=\"\">Entre os munic\u00edpios, a capital paulista permanece sendo, com folga, a cidade mais populosa do pa\u00eds: 20.666.224 habitantes, um aumento de 5,3% em rela\u00e7\u00e3o ao Censo 2010.<\/p>\n<p data-track-category=\"Link no Texto\" data-track-links=\"\">\n<\/div>\n<\/div>\n<div id=\"chunk-63n2p\">\n<div class=\"mc-column content-text active-extra-styles \" data-block-type=\"unstyled\" data-block-weight=\"26\" data-block-id=\"43\">\n<p class=\"content-text__container \" data-track-category=\"Link no Texto\" data-track-links=\"\">O Rio \u00e9 o vice-l\u00edder, com 11,6 milh\u00f5es e queda de 2,1% no per\u00edodo. Belo Horizonte (MG) vem na sequ\u00eancia, com 4,95 milh\u00f5es, alta de 4,4%.<\/p>\n<p data-track-category=\"Link no Texto\" data-track-links=\"\">\n<\/div>\n<\/div>\n<div id=\"chunk-e1vrh\">\n<div class=\"mc-column content-text active-extra-styles \" data-block-type=\"unstyled\" data-block-weight=\"34\" data-block-id=\"44\">\n<p class=\"content-text__container \" data-track-category=\"Link no Texto\" data-track-links=\"\">A menor cidade do pa\u00eds \u00e9 Serra da Saudade (MG), com 833 habitantes. O munic\u00edpio tomou o espa\u00e7o de Bora (SP), que agora tem 907 residentes, um aumento de 12,7% em rela\u00e7\u00e3o a 2010.<\/p>\n<p data-track-category=\"Link no Texto\" data-track-links=\"\">\n<\/div>\n<\/div>\n<div id=\"chunk-deck1\">\n<div class=\"mc-column content-text active-extra-styles \" data-block-type=\"unstyled\" data-block-weight=\"13\" data-block-id=\"45\">\n<p class=\"content-text__container \" data-track-category=\"Link no Texto\" data-track-links=\"\"><strong>Veja a lista com os 10 munic\u00edpios com as <\/strong><strong><span class=\"highlight highlighted\">maiores<\/span><\/strong><strong> popula\u00e7\u00f5es do Brasil:<\/strong><\/p>\n<p data-track-category=\"Link no Texto\" data-track-links=\"\">\n<\/div>\n<\/div>\n<div id=\"chunk-qht6\">\n<div class=\"content-ads content-ads--reveal\" data-block-type=\"ads\" data-block-id=\"46\">\n<div><\/div>\n<\/div>\n<\/div>\n<div id=\"chunk-8mpoo\">\n<div class=\"mc-column content-text active-extra-styles\" data-block-type=\"raw\" data-block-weight=\"53\" data-block-id=\"47\">\n<ol class=\"content-ordered-list theme-ordered-list-color-primary\">\n<li><strong>S\u00e3o Paulo (SP)<\/strong> \u2013 11.451.245 habitantes<\/li>\n<li><strong>Rio de Janeiro (RJ) <\/strong>\u2013 6.211.423 habitantes<\/li>\n<li><strong>Bras\u00edlia (DF)<\/strong> \u2013 2.817.068 habitantes<\/li>\n<li><strong>Fortaleza (CE)<\/strong> \u2013 2.428.678 habitantes<\/li>\n<li><strong>Salvador (BA)<\/strong> \u2013 2.418.005 habitantes<\/li>\n<li><strong>Belo Horizonte (MG)<\/strong> \u2013 2.315.560 habitantes<\/li>\n<li><strong>Manaus (AM)<\/strong> \u2013 2.063.547 habitantes<\/li>\n<li><strong>Curitiba (PR)<\/strong> \u2013 1.773.733 habitantes<\/li>\n<li><strong>Recife (PE)<\/strong> \u2013 1.488.920 habitantes<\/li>\n<li><strong>Goi\u00e2nia (GO)<\/strong> \u20131.437.237 habitantes<\/li>\n<\/ol>\n<\/div>\n<p>&nbsp;<\/p>\n<\/div>\n<div id=\"chunk-1kvnj\">\n<div class=\"mc-column content-text active-extra-styles \" data-block-type=\"unstyled\" data-block-weight=\"13\" data-block-id=\"48\">\n<p class=\"content-text__container \" data-track-category=\"Link no Texto\" data-track-links=\"\"><strong>Veja a lista com os 10 munic\u00edpios com as <\/strong><strong><span class=\"highlight highlighted\">menores<\/span><\/strong><strong> popula\u00e7\u00f5es do Brasil:<\/strong><\/p>\n<\/div>\n<\/div>\n<div id=\"chunk-dt6km\">\n<div id=\"4\" class=\"anchor-position\"><\/div>\n<\/div>\n<div id=\"chunk-7enu\">\n<div class=\"mc-column content-text active-extra-styles\" data-block-type=\"raw\" data-block-weight=\"65\" data-block-id=\"49\">\n<ol class=\"content-ordered-list theme-ordered-list-color-primary\">\n<li><strong>Serra da Saudade (MG)<\/strong> \u2013 833 habitantes<\/li>\n<li><strong>Bora (SP)<\/strong> \u2013 907 habitantes<\/li>\n<li><strong>Anhanguera (GO)<\/strong> \u2013 924 habitantes<\/li>\n<li><strong>Araguainha (MT)<\/strong> \u2013 1.010 habitantes<\/li>\n<li><strong>Novo Castilho (SP)<\/strong> \u2013 1.062 habitantes<\/li>\n<li><strong>Cedro do Abaete (MG)<\/strong> \u2013 1.081 habitantes<\/li>\n<li><strong>Andre da Rocha (RS)<\/strong> \u2013 1.135 habitantes<\/li>\n<li><strong>Oliveira de F\u00e1tima (TO)<\/strong> \u2013 1.164 habitantes<\/li>\n<li><strong>Uni\u00e3o da Serra (RS)<\/strong> \u2013 1.170 habitantes<\/li>\n<li><strong>S\u00e3o Sebasti\u00e3o do Rio Preto (MG)<\/strong> \u2013 1.259 habitantes<\/li>\n<\/ol>\n<\/div>\n<\/div>\n<\/div>\n<\/div>\n<\/div>\n<\/div>\n<p>&nbsp;<\/p>\n<p>&nbsp;<\/p>\n<p>&nbsp;<\/p>\n<p>Fonte: Isabela Bolzani e Raphael Martins, g1<\/p>\n<\/div>\n<\/div>\n<\/div>\n<\/div>\n<\/div>\n<\/div>\n<\/div>\n<\/div>\n","protected":false},"excerpt":{"rendered":"<p>O Brasil tem 203.062.512 de habitantes, segundo o Censo Demogr\u00e1fico 2022, realizado mais de dez anos ap\u00f3s a edi\u00e7\u00e3o anterior da pesquisa. Os primeiros resultados foram divulgados nesta quarta-feira (28) pelo Instituto de Geografia e Estat\u00edstica (IBGE). O n\u00famero veio abaixo das proje\u00e7\u00f5es anteriores do \u00f3rg\u00e3o. Em 2021, o progn\u00f3stico apontava que pa\u00eds teria ao [&hellip;]<\/p>\n","protected":false},"author":5,"featured_media":95099,"comment_status":"closed","ping_status":"closed","sticky":false,"template":"","format":"standard","meta":{"footnotes":""},"categories":[37],"tags":[],"class_list":["post-243905","post","type-post","status-publish","format-standard","has-post-thumbnail","hentry","category-politica"],"_links":{"self":[{"href":"https:\/\/www.ocorreionews.com.br\/acervo-correio\/index.php?rest_route=\/wp\/v2\/posts\/243905","targetHints":{"allow":["GET"]}}],"collection":[{"href":"https:\/\/www.ocorreionews.com.br\/acervo-correio\/index.php?rest_route=\/wp\/v2\/posts"}],"about":[{"href":"https:\/\/www.ocorreionews.com.br\/acervo-correio\/index.php?rest_route=\/wp\/v2\/types\/post"}],"author":[{"embeddable":true,"href":"https:\/\/www.ocorreionews.com.br\/acervo-correio\/index.php?rest_route=\/wp\/v2\/users\/5"}],"replies":[{"embeddable":true,"href":"https:\/\/www.ocorreionews.com.br\/acervo-correio\/index.php?rest_route=%2Fwp%2Fv2%2Fcomments&post=243905"}],"version-history":[{"count":1,"href":"https:\/\/www.ocorreionews.com.br\/acervo-correio\/index.php?rest_route=\/wp\/v2\/posts\/243905\/revisions"}],"predecessor-version":[{"id":243908,"href":"https:\/\/www.ocorreionews.com.br\/acervo-correio\/index.php?rest_route=\/wp\/v2\/posts\/243905\/revisions\/243908"}],"wp:featuredmedia":[{"embeddable":true,"href":"https:\/\/www.ocorreionews.com.br\/acervo-correio\/index.php?rest_route=\/wp\/v2\/media\/95099"}],"wp:attachment":[{"href":"https:\/\/www.ocorreionews.com.br\/acervo-correio\/index.php?rest_route=%2Fwp%2Fv2%2Fmedia&parent=243905"}],"wp:term":[{"taxonomy":"category","embeddable":true,"href":"https:\/\/www.ocorreionews.com.br\/acervo-correio\/index.php?rest_route=%2Fwp%2Fv2%2Fcategories&post=243905"},{"taxonomy":"post_tag","embeddable":true,"href":"https:\/\/www.ocorreionews.com.br\/acervo-correio\/index.php?rest_route=%2Fwp%2Fv2%2Ftags&post=243905"}],"curies":[{"name":"wp","href":"https:\/\/api.w.org\/{rel}","templated":true}]}}