{"id":243945,"date":"2023-06-29T07:13:05","date_gmt":"2023-06-29T11:13:05","guid":{"rendered":"https:\/\/www.ocorreionews.com.br\/acervo-correio\/?p=243945"},"modified":"2023-06-30T08:04:33","modified_gmt":"2023-06-30T12:04:33","slug":"hoje-e-comemorado-o-dia-de-sao-pedro-apostolo-padroeiro-de-chapadao-do-sul","status":"publish","type":"post","link":"https:\/\/www.ocorreionews.com.br\/acervo-correio\/?p=243945","title":{"rendered":"Hoje \u00e9 comemorado o dia de S\u00e3o Pedro Ap\u00f3stolo, Padroeiro de Chapad\u00e3o do Sul"},"content":{"rendered":"<p>Hoje \u00e9 feriado em Chapad\u00e3o do Sul em decorr\u00eancia do Dia do seu Padroeiro S\u00e3o Pedro Apostolo.<\/p>\n<p>A comunidade cat\u00f3lica de Chapad\u00e3o do Sul, inicia neste final de semana as comemora\u00e7\u00f5es do Padroeiro, com a realiza\u00e7\u00e3o da Quermesse que ocorrer\u00e1 neste s\u00e1bado no Sal\u00e3o Paroquial.<\/p>\n<p>S\u00e3o Pedro<\/p>\n<p>&#8220;Nos pa\u00edses predominantemente cat\u00f3licos, em todo dia 29 de junho comemora-se o dia de S\u00e3o Pedro, ou, como \u00e9 formalmente conhecido: a Festa de S\u00e3o Pedro e S\u00e3o Paulo. A mem\u00f3ria dos dois santos ap\u00f3stolos, Pedro e Paulo, \u00e9 relembrada e festejada nesse dia \u2013 apesar de, na tradi\u00e7\u00e3o cat\u00f3lica popular de alguns pa\u00edses, como o Brasil, o dia 29 de junho ser dedicado eminentemente a S\u00e3o Pedro. Mas quais s\u00e3o as raz\u00f5es que levaram \u00e0 escolha desse dia para a celebra\u00e7\u00e3o da mem\u00f3ria desses santos&#8221;<\/p>\n","protected":false},"excerpt":{"rendered":"<p>Hoje \u00e9 feriado em Chapad\u00e3o do Sul em decorr\u00eancia do Dia do seu Padroeiro S\u00e3o Pedro Apostolo. A comunidade cat\u00f3lica de Chapad\u00e3o do Sul, inicia neste final de semana as comemora\u00e7\u00f5es do Padroeiro, com a realiza\u00e7\u00e3o da Quermesse que ocorrer\u00e1 neste s\u00e1bado no Sal\u00e3o Paroquial. S\u00e3o Pedro &#8220;Nos pa\u00edses predominantemente cat\u00f3licos, em todo dia 29 [&hellip;]<\/p>\n","protected":false},"author":4,"featured_media":147710,"comment_status":"closed","ping_status":"closed","sticky":false,"template":"","format":"standard","meta":{"footnotes":""},"categories":[23],"tags":[],"class_list":["post-243945","post","type-post","status-publish","format-standard","has-post-thumbnail","hentry","category-chapadao-do-sul"],"_links":{"self":[{"href":"https:\/\/www.ocorreionews.com.br\/acervo-correio\/index.php?rest_route=\/wp\/v2\/posts\/243945","targetHints":{"allow":["GET"]}}],"collection":[{"href":"https:\/\/www.ocorreionews.com.br\/acervo-correio\/index.php?rest_route=\/wp\/v2\/posts"}],"about":[{"href":"https:\/\/www.ocorreionews.com.br\/acervo-correio\/index.php?rest_route=\/wp\/v2\/types\/post"}],"author":[{"embeddable":true,"href":"https:\/\/www.ocorreionews.com.br\/acervo-correio\/index.php?rest_route=\/wp\/v2\/users\/4"}],"replies":[{"embeddable":true,"href":"https:\/\/www.ocorreionews.com.br\/acervo-correio\/index.php?rest_route=%2Fwp%2Fv2%2Fcomments&post=243945"}],"version-history":[{"count":2,"href":"https:\/\/www.ocorreionews.com.br\/acervo-correio\/index.php?rest_route=\/wp\/v2\/posts\/243945\/revisions"}],"predecessor-version":[{"id":243996,"href":"https:\/\/www.ocorreionews.com.br\/acervo-correio\/index.php?rest_route=\/wp\/v2\/posts\/243945\/revisions\/243996"}],"wp:featuredmedia":[{"embeddable":true,"href":"https:\/\/www.ocorreionews.com.br\/acervo-correio\/index.php?rest_route=\/wp\/v2\/media\/147710"}],"wp:attachment":[{"href":"https:\/\/www.ocorreionews.com.br\/acervo-correio\/index.php?rest_route=%2Fwp%2Fv2%2Fmedia&parent=243945"}],"wp:term":[{"taxonomy":"category","embeddable":true,"href":"https:\/\/www.ocorreionews.com.br\/acervo-correio\/index.php?rest_route=%2Fwp%2Fv2%2Fcategories&post=243945"},{"taxonomy":"post_tag","embeddable":true,"href":"https:\/\/www.ocorreionews.com.br\/acervo-correio\/index.php?rest_route=%2Fwp%2Fv2%2Ftags&post=243945"}],"curies":[{"name":"wp","href":"https:\/\/api.w.org\/{rel}","templated":true}]}}