{"id":243960,"date":"2023-06-29T10:20:43","date_gmt":"2023-06-29T14:20:43","guid":{"rendered":"https:\/\/www.ocorreionews.com.br\/acervo-correio\/?p=243960"},"modified":"2023-06-29T10:22:09","modified_gmt":"2023-06-29T14:22:09","slug":"osta-rica-disputa-1a-partida-da-final-do-sub-16-em-dourados-no-proximo-doming","status":"publish","type":"post","link":"https:\/\/www.ocorreionews.com.br\/acervo-correio\/?p=243960","title":{"rendered":"Costa Rica disputa 1\u00aa partida da final do Sub 16 em Dourados no pr\u00f3ximo domingo"},"content":{"rendered":"<div class=\"ntc_area_texto_noticia sw_leitura_audio\">\n<div class=\"ntc_descricao_noticia\">\n<div class=\"ntc_cont_descricao_noticia sw_txteditor\">\n<p>A 2\u00aa edi\u00e7\u00e3o do Campeonato Estadual Sub 16 est\u00e1 chegando \u00e0 sua reta final, com a participa\u00e7\u00e3o de 26 equipes. No \u00faltimo s\u00e1bado (24), no Est\u00e1dio Laert\u00e3o em Costa Rica, o Costa Rica Esporte Clube (CREC) garantiu sua vaga na final ao vencer o FUNEC \/ Corumbaense Futebol Clube por uma goleada de 8 a zero.<\/p>\n<p>O destaque da partida foi Jo\u00e3o Guilherme, conhecido como Gui, o camisa 19, que marcou tr\u00eas gols. Juninho, camisa 10, marcou dois gols, enquanto Pocon\u00e9, camisa 11, Arthur, camisa 5, e Lucas Juliano, camisa 9, marcaram um gol cada. Essa vit\u00f3ria classificou o CREC para a grande final.<\/p>\n<p>Chegou o momento decisivo. No pr\u00f3ximo domingo (2), a equipe Cobra do Norte enfrentar\u00e1 o Instituto AEFA (Associa\u00e7\u00e3o da Escolinha de Futebol Amantino) no Est\u00e1dio Dourad\u00e3o, em Dourados\/MS, no jogo de ida da final.<\/p>\n<p>J\u00e1 o jogo de volta da final acontecer\u00e1 no domingo subsequente (9), \u00e0s 15 horas, no est\u00e1dio Laert\u00e3o em Costa Rica\/MS com entrada franca. Ser\u00e1 um jogo imperd\u00edvel, que definir\u00e1 o campe\u00e3o da competi\u00e7\u00e3o.<\/p>\n<p>A equipe do CREC conta no seu elenco com os atletas: Dani, Cau\u00ea, Alex, Fabr\u00edcio, Arthur, Matheus, Pel\u00e9, Pedro, Lucas Juliano, Juninho, Pocon\u00e9, Rafael, Paulo, Felip, Ruan, Kesley, Jo\u00e3o, Pedr\u00e3o, Gui, Jo\u00e3o Eduardo, Guilherme, Matheus Haas, Heliel, Kayke, Vitinho, Mikael e Carrijo. Daniel Nascimento de Mello, Danilo Simi\u00e3o dos Santos, Jos\u00e9 Henrique dos Ara\u00fajo Vieira, Kuan Bruno dos Santos Lopes, Luiz Felipe Manzato Batista, Ryan Dalessandro Campeon e Wesley Vitor Tregnago. Al\u00e9m dos jogadores, a comiss\u00e3o t\u00e9cnica \u00e9 composta pelo t\u00e9cnico Marcos (tikinho), preparador f\u00edsico Mauricio Pereira da Cunha, preparador de goleiro Ederson Vinicius Freitas, massagista Thais Ol\u00edmpio Fagundes e roupeiro Edimar da Silva.<\/p>\n<p>Durante o campeonato, a Cobra do Norte competiu no Grupo 2, juntamente com a Sele\u00e7\u00e3o de Aparecida do Tabuado, Sele\u00e7\u00e3o de Cassil\u00e2ndia e Sele\u00e7\u00e3o Para\u00edso das \u00c1guas. Ao todo, o campeonato Estadual Sub 16\u00a0 contou com 26 times, 700 atletas, 62 jogos realizados at\u00e9 o momento e um total de 294 gols marcados.<\/p>\n<p>Dentre os artilheiros, destaque para Kayke do Costa Rica Esporte Clube, com 9 gols marcados. A participa\u00e7\u00e3o no campeonato \u00e9 de extrema import\u00e2ncia para a categoria de base do time profissional, demonstrando que os investimentos feitos pelo munic\u00edpio para apoiar e incentivar o esporte est\u00e3o dando resultados.<\/p>\n<p>A campanha impec\u00e1vel do Costa Rica Esporte Clube no sub 16 tem sido impressionante. Com 8 vit\u00f3rias, 1 empate e nenhuma derrota, o time tem mostrado um desempenho excepcional em campo. Al\u00e9m disso, o n\u00famero de gols a seu favor, 52 no total, demonstra o poder ofensivo dessa equipe. E quando se trata da defesa, o Costa Rica tamb\u00e9m se destaca, sofrendo apenas 5 gols at\u00e9 o momento. Esses resultados mostram o trabalho \u00e1rduo e a dedica\u00e7\u00e3o dos jogadores, comprovando que o clube est\u00e1 construindo uma base s\u00f3lida do amador para o futuro do futebol profissional.<\/p>\n<p>A expectativa para a final \u00e9 grande, e os times est\u00e3o se preparando para oferecer um grande espet\u00e1culo para os torcedores. O prefeito de Costa Rica, delegado Cleverson Alves dos Santos, e o secret\u00e1rio de Turismo, Meio Ambiente, Esporte e Cultura, Jo\u00e3o Carlos Candido Rocha, acompanham de perto o desenvolvimento do campeonato e demonstram orgulho pelo envolvimento dos jovens atletas e pela dedica\u00e7\u00e3o da equipe organizadora, a Mtavares Eventos.<\/p>\n<p>\u201cConvidamos todos os moradores de Costa Rica e cidades vizinhas para comparecerem ao Est\u00e1dio Laert\u00e3o no pr\u00f3ximo dia 9 de julho (domingo), \u00e0s 15 horas, e torcerem pelo CREC. A entrada \u00e9 franca, o que torna essa experi\u00eancia ainda mais especial. Vamos juntos apoiar esses jovens talentos do futebol e celebrar o esporte em nossa cidade!\u201d, enaltecem.<\/p>\n<\/div>\n<div class=\"ntc_area_info_noticia sw_lato\">\n<div>\n<div class=\"ntc_info_noticia\"><strong class=\"sw_lato_black\">Fonte: <\/strong>Assessoria de Comunica\u00e7\u00e3o &#8211; PMCR<\/div>\n<div class=\"ntc_info_noticia\"><strong class=\"sw_lato_black\">Autor: <\/strong>Silvestre de Castro &#8211; Jornalista e Radialista<\/div>\n<\/div>\n<\/div>\n<\/div>\n<\/div>\n","protected":false},"excerpt":{"rendered":"<p>A 2\u00aa edi\u00e7\u00e3o do Campeonato Estadual Sub 16 est\u00e1 chegando \u00e0 sua reta final, com a participa\u00e7\u00e3o de 26 equipes. No \u00faltimo s\u00e1bado (24), no Est\u00e1dio Laert\u00e3o em Costa Rica, o Costa Rica Esporte Clube (CREC) garantiu sua vaga na final ao vencer o FUNEC \/ Corumbaense Futebol Clube por uma goleada de 8 a [&hellip;]<\/p>\n","protected":false},"author":4,"featured_media":243964,"comment_status":"closed","ping_status":"closed","sticky":false,"template":"","format":"standard","meta":{"footnotes":""},"categories":[25,29],"tags":[],"class_list":["post-243960","post","type-post","status-publish","format-standard","has-post-thumbnail","hentry","category-costa-rica","category-esporte"],"_links":{"self":[{"href":"https:\/\/www.ocorreionews.com.br\/acervo-correio\/index.php?rest_route=\/wp\/v2\/posts\/243960","targetHints":{"allow":["GET"]}}],"collection":[{"href":"https:\/\/www.ocorreionews.com.br\/acervo-correio\/index.php?rest_route=\/wp\/v2\/posts"}],"about":[{"href":"https:\/\/www.ocorreionews.com.br\/acervo-correio\/index.php?rest_route=\/wp\/v2\/types\/post"}],"author":[{"embeddable":true,"href":"https:\/\/www.ocorreionews.com.br\/acervo-correio\/index.php?rest_route=\/wp\/v2\/users\/4"}],"replies":[{"embeddable":true,"href":"https:\/\/www.ocorreionews.com.br\/acervo-correio\/index.php?rest_route=%2Fwp%2Fv2%2Fcomments&post=243960"}],"version-history":[{"count":1,"href":"https:\/\/www.ocorreionews.com.br\/acervo-correio\/index.php?rest_route=\/wp\/v2\/posts\/243960\/revisions"}],"predecessor-version":[{"id":243966,"href":"https:\/\/www.ocorreionews.com.br\/acervo-correio\/index.php?rest_route=\/wp\/v2\/posts\/243960\/revisions\/243966"}],"wp:featuredmedia":[{"embeddable":true,"href":"https:\/\/www.ocorreionews.com.br\/acervo-correio\/index.php?rest_route=\/wp\/v2\/media\/243964"}],"wp:attachment":[{"href":"https:\/\/www.ocorreionews.com.br\/acervo-correio\/index.php?rest_route=%2Fwp%2Fv2%2Fmedia&parent=243960"}],"wp:term":[{"taxonomy":"category","embeddable":true,"href":"https:\/\/www.ocorreionews.com.br\/acervo-correio\/index.php?rest_route=%2Fwp%2Fv2%2Fcategories&post=243960"},{"taxonomy":"post_tag","embeddable":true,"href":"https:\/\/www.ocorreionews.com.br\/acervo-correio\/index.php?rest_route=%2Fwp%2Fv2%2Ftags&post=243960"}],"curies":[{"name":"wp","href":"https:\/\/api.w.org\/{rel}","templated":true}]}}