{"id":243968,"date":"2023-06-29T10:27:48","date_gmt":"2023-06-29T14:27:48","guid":{"rendered":"https:\/\/www.ocorreionews.com.br\/acervo-correio\/?p=243968"},"modified":"2023-06-29T10:27:48","modified_gmt":"2023-06-29T14:27:48","slug":"vereadores-de-paraiso-das-aguas-discutem-projeto-para-melhor-acessibilidade-para-pessoas-com-deficiencias","status":"publish","type":"post","link":"https:\/\/www.ocorreionews.com.br\/acervo-correio\/?p=243968","title":{"rendered":"vereadores de Para\u00edso das \u00c1guas discutem projeto para melhor acessibilidade para pessoas com defici\u00eancias"},"content":{"rendered":"<p>os vereadores Edson da Oficina (PP), Prof. Leonardo (PP), Carrerinha (Uni\u00e3o) e Tuta(PSDB) estiveram na subsecretaria de Pol\u00edticas P\u00fablicas para Pessoas com Defici\u00eancia, reunidos com a subsecret\u00e1ria Telma Nantes Matos, onde discutiram projetos para implanta\u00e7\u00e3o de pol\u00edticas p\u00fablicas para facilitar a acessibilidade \u00e0s pessoas portadoras de defici\u00eancia no munic\u00edpio de Para\u00edso das \u00c1guas, bem como os planos de a\u00e7\u00f5es voltadas em diferentes \u00e1reas para a inclus\u00e3o, seja em \u00f3rg\u00e3os p\u00fablicos, \u00e1reas de passeio, turismo, dentre outras.<\/p>\n<p>&#8220;A Subsecret\u00e1ria nos disse que, em parceria com o Poder P\u00fablico de nossa cidade daria para se implantar o Programa MS Acess\u00edvel. Este programa faz parte da necessidade que o Governador de nosso estado tem em saber as reais necessidades de cada Munic\u00edpio e torn\u00e1-los o mais acess\u00edvel.<\/p>\n<p>Mediante as Leis Nacionais existentes, al\u00e9m das Leis Estaduais, torn\u00e1-las aplic\u00e1veis nos 79 Munic\u00edpios de MS. Mas ainda, para que essa aplicabilidade ocorra, o di\u00e1logo, entendimento e sensibilidade s\u00e3o os grandes desafios para a execu\u00e7\u00e3o do Programa.<\/p>\n<p>Foi uma reuni\u00e3o de grande oportunidade de conhecimento e vimos que nosso Munic\u00edpio tem grande potencial para tornar nossas obras de infraestrutura 100 % acess\u00edvel.<\/p>\n<p>Agradecemos o convite e iniciativa de nosso amigo e parceiro, Vereador Denivaldo Carrerinha pelo convite e confian\u00e7a para juntos, empenharmos for\u00e7as naquilo que for necess\u00e1rio para estreitar os la\u00e7os entre o Poder P\u00fablico de nossa cidade e a Subsecretaria de Pol\u00edticas P\u00fablicas para Pessoas com Defici\u00eancia de nosso Estado&#8221;, postou o vereador Prof. Leonardo em suas redes sociais, dando mais detalhes da reuni\u00e3o.<\/p>\n<p><img decoding=\"async\" src=\"https:\/\/www.bncnoticias.com.br\/arquivos\/img-uploads\/imagem_664.jpg\" \/><\/p>\n<p>BNC noticias<\/p>\n","protected":false},"excerpt":{"rendered":"<p>os vereadores Edson da Oficina (PP), Prof. Leonardo (PP), Carrerinha (Uni\u00e3o) e Tuta(PSDB) estiveram na subsecretaria de Pol\u00edticas P\u00fablicas para Pessoas com Defici\u00eancia, reunidos com a subsecret\u00e1ria Telma Nantes Matos, onde discutiram projetos para implanta\u00e7\u00e3o de pol\u00edticas p\u00fablicas para facilitar a acessibilidade \u00e0s pessoas portadoras de defici\u00eancia no munic\u00edpio de Para\u00edso das \u00c1guas, bem como [&hellip;]<\/p>\n","protected":false},"author":4,"featured_media":243969,"comment_status":"closed","ping_status":"closed","sticky":false,"template":"","format":"standard","meta":{"footnotes":""},"categories":[20,36],"tags":[],"class_list":["post-243968","post","type-post","status-publish","format-standard","has-post-thumbnail","hentry","category-camara-municipal","category-paraiso-das-aguas"],"_links":{"self":[{"href":"https:\/\/www.ocorreionews.com.br\/acervo-correio\/index.php?rest_route=\/wp\/v2\/posts\/243968","targetHints":{"allow":["GET"]}}],"collection":[{"href":"https:\/\/www.ocorreionews.com.br\/acervo-correio\/index.php?rest_route=\/wp\/v2\/posts"}],"about":[{"href":"https:\/\/www.ocorreionews.com.br\/acervo-correio\/index.php?rest_route=\/wp\/v2\/types\/post"}],"author":[{"embeddable":true,"href":"https:\/\/www.ocorreionews.com.br\/acervo-correio\/index.php?rest_route=\/wp\/v2\/users\/4"}],"replies":[{"embeddable":true,"href":"https:\/\/www.ocorreionews.com.br\/acervo-correio\/index.php?rest_route=%2Fwp%2Fv2%2Fcomments&post=243968"}],"version-history":[{"count":1,"href":"https:\/\/www.ocorreionews.com.br\/acervo-correio\/index.php?rest_route=\/wp\/v2\/posts\/243968\/revisions"}],"predecessor-version":[{"id":243970,"href":"https:\/\/www.ocorreionews.com.br\/acervo-correio\/index.php?rest_route=\/wp\/v2\/posts\/243968\/revisions\/243970"}],"wp:featuredmedia":[{"embeddable":true,"href":"https:\/\/www.ocorreionews.com.br\/acervo-correio\/index.php?rest_route=\/wp\/v2\/media\/243969"}],"wp:attachment":[{"href":"https:\/\/www.ocorreionews.com.br\/acervo-correio\/index.php?rest_route=%2Fwp%2Fv2%2Fmedia&parent=243968"}],"wp:term":[{"taxonomy":"category","embeddable":true,"href":"https:\/\/www.ocorreionews.com.br\/acervo-correio\/index.php?rest_route=%2Fwp%2Fv2%2Fcategories&post=243968"},{"taxonomy":"post_tag","embeddable":true,"href":"https:\/\/www.ocorreionews.com.br\/acervo-correio\/index.php?rest_route=%2Fwp%2Fv2%2Ftags&post=243968"}],"curies":[{"name":"wp","href":"https:\/\/api.w.org\/{rel}","templated":true}]}}