{"id":244051,"date":"2023-06-30T11:05:45","date_gmt":"2023-06-30T15:05:45","guid":{"rendered":"https:\/\/www.ocorreionews.com.br\/acervo-correio\/?p=244051"},"modified":"2023-06-30T11:05:45","modified_gmt":"2023-06-30T15:05:45","slug":"em-blitz-agentes-de-transito-flagram-moto-furtada-e-pm-prende-homem-por-receptacao-em-chapadao-do-sul","status":"publish","type":"post","link":"https:\/\/www.ocorreionews.com.br\/acervo-correio\/?p=244051","title":{"rendered":"Em blitz agentes de transito flagram moto furtada e PM prende homem por recepta\u00e7\u00e3o em Chapad\u00e3o do Sul"},"content":{"rendered":"<p>Na tarde da \u00faltima quarta-feira (28), um homem de 40 anos foi detido ap\u00f3s ser flagrado pelos Agentes de Tr\u00e2nsitos de Chapad\u00e3o do Sul, com uma moto furtada no ano de 2022 em Costa Rica.<\/p>\n<p>Segundo informa\u00e7\u00f5es do Boletim de Ocorr\u00eancia, por volta das 15h, uma equipe de Agentes de Tr\u00e2nsitos realizava uma blitz na Avenida Mato Grosso do Sul, quando abordou o autor em uma motocicleta, e ao realizar a checagem constatou que a moto tinha um registro de furto.<\/p>\n<p>A Pol\u00edcia Militar de Chapad\u00e3o do Sul foi acionada pelos agentes e no local, foi realizada a checagem do ve\u00edculo o qual \u00e9 objeto de furto conforme descrito no Boletim de Ocorr\u00eancia da Delegacia de Pol\u00edcia Civil de cidade de Costa Rica\/MS no ano de 2022.<\/p>\n<p>O condutor relatou aos militares que trabalha fazendo entrega e que teria comprado a moto recentemente em uma Oficina para utilizar nas entregas.<\/p>\n<p>Diante dos fatos, foi confeccionado o boletim de ocorr\u00eancia e encaminhado a motocicleta e o Autor para Delegacia de Pol\u00edcia, onde ele responder\u00e1 por recepta\u00e7\u00e3o.<\/p>\n<p>&nbsp;<\/p>\n<p><em>* O Correio News, com informa\u00e7\u00f5es da Assessoria de comunica\u00e7\u00e3o da 4\u00aaCIPM.<\/em><\/p>\n","protected":false},"excerpt":{"rendered":"<p>Na tarde da \u00faltima quarta-feira (28), um homem de 40 anos foi detido ap\u00f3s ser flagrado pelos Agentes de Tr\u00e2nsitos de Chapad\u00e3o do Sul, com uma moto furtada no ano de 2022 em Costa Rica. Segundo informa\u00e7\u00f5es do Boletim de Ocorr\u00eancia, por volta das 15h, uma equipe de Agentes de Tr\u00e2nsitos realizava uma blitz na [&hellip;]<\/p>\n","protected":false},"author":5,"featured_media":243079,"comment_status":"closed","ping_status":"closed","sticky":false,"template":"","format":"standard","meta":{"footnotes":""},"categories":[23,38],"tags":[],"class_list":["post-244051","post","type-post","status-publish","format-standard","has-post-thumbnail","hentry","category-chapadao-do-sul","category-policia"],"_links":{"self":[{"href":"https:\/\/www.ocorreionews.com.br\/acervo-correio\/index.php?rest_route=\/wp\/v2\/posts\/244051","targetHints":{"allow":["GET"]}}],"collection":[{"href":"https:\/\/www.ocorreionews.com.br\/acervo-correio\/index.php?rest_route=\/wp\/v2\/posts"}],"about":[{"href":"https:\/\/www.ocorreionews.com.br\/acervo-correio\/index.php?rest_route=\/wp\/v2\/types\/post"}],"author":[{"embeddable":true,"href":"https:\/\/www.ocorreionews.com.br\/acervo-correio\/index.php?rest_route=\/wp\/v2\/users\/5"}],"replies":[{"embeddable":true,"href":"https:\/\/www.ocorreionews.com.br\/acervo-correio\/index.php?rest_route=%2Fwp%2Fv2%2Fcomments&post=244051"}],"version-history":[{"count":1,"href":"https:\/\/www.ocorreionews.com.br\/acervo-correio\/index.php?rest_route=\/wp\/v2\/posts\/244051\/revisions"}],"predecessor-version":[{"id":244054,"href":"https:\/\/www.ocorreionews.com.br\/acervo-correio\/index.php?rest_route=\/wp\/v2\/posts\/244051\/revisions\/244054"}],"wp:featuredmedia":[{"embeddable":true,"href":"https:\/\/www.ocorreionews.com.br\/acervo-correio\/index.php?rest_route=\/wp\/v2\/media\/243079"}],"wp:attachment":[{"href":"https:\/\/www.ocorreionews.com.br\/acervo-correio\/index.php?rest_route=%2Fwp%2Fv2%2Fmedia&parent=244051"}],"wp:term":[{"taxonomy":"category","embeddable":true,"href":"https:\/\/www.ocorreionews.com.br\/acervo-correio\/index.php?rest_route=%2Fwp%2Fv2%2Fcategories&post=244051"},{"taxonomy":"post_tag","embeddable":true,"href":"https:\/\/www.ocorreionews.com.br\/acervo-correio\/index.php?rest_route=%2Fwp%2Fv2%2Ftags&post=244051"}],"curies":[{"name":"wp","href":"https:\/\/api.w.org\/{rel}","templated":true}]}}