{"id":244053,"date":"2023-06-30T11:06:03","date_gmt":"2023-06-30T15:06:03","guid":{"rendered":"https:\/\/www.ocorreionews.com.br\/acervo-correio\/?p=244053"},"modified":"2023-06-30T11:06:03","modified_gmt":"2023-06-30T15:06:03","slug":"adolescente-namorada-de-traficante-em-costa-rica-e-apreendida-com-drogas","status":"publish","type":"post","link":"https:\/\/www.ocorreionews.com.br\/acervo-correio\/?p=244053","title":{"rendered":"Adolescente namorada de traficante em Costa Rica \u00e9 apreendida com drogas"},"content":{"rendered":"<p>Na noite desta quinta-feira (29), uma adolescente de 17 anos, namorada de um traficante foi apreendida com drogas ao tentar fugir da PM de Costa Rica.<\/p>\n<p>Segundo informa\u00e7\u00f5es do Boletim de Ocorr\u00eancia, por das 19h uma guarni\u00e7\u00e3o da PM estava em rondas quando visualizou uma movimenta\u00e7\u00e3o estranha na Rua Um, no Bairro Coab Azul, sendo que ao avistarem os policiais um indiv\u00edduo acelerou o passo e a adolescente entrou em um carro de aplicativo. Os militares de pronto fizeram a abordagem do ve\u00edculo, momento em que foi avistado uma trouxinha de entorpecentes jogada embaixo do banco do carro.<\/p>\n<p>Foi dado voz de pris\u00e3o pelo delito de tr\u00e1fico de drogas, os militares observaram que se tratava da namorada de um indiv\u00edduo conhecido no meio policial, j\u00e1 preso por tr\u00e1fico de drogas e com liga\u00e7\u00e3o a organiza\u00e7\u00e3o criminosa, sendo o poss\u00edvel dono da droga, fato apontado no boletim.<\/p>\n<p>Na delegacia foi feito revista \u00edntima na adolescente por uma mulher (investigadora da PC) e encontrado uma segunda trouxinha de drogas. Chegando ao total de 11,6g de subst\u00e2ncia an\u00e1loga \u00e0 crack que estava com a adolescente.<\/p>\n<p>Foi feito a condu\u00e7\u00e3o da Autora a Delegacia para os procedimentos, com acionamento do conselho tutelar.<\/p>\n<p>&nbsp;<\/p>\n<p><em>* O Correio News, com informa\u00e7\u00f5es da Assessoria de comunica\u00e7\u00e3o da 4\u00aaCIPM.<\/em><\/p>\n","protected":false},"excerpt":{"rendered":"<p>Na noite desta quinta-feira (29), uma adolescente de 17 anos, namorada de um traficante foi apreendida com drogas ao tentar fugir da PM de Costa Rica. Segundo informa\u00e7\u00f5es do Boletim de Ocorr\u00eancia, por das 19h uma guarni\u00e7\u00e3o da PM estava em rondas quando visualizou uma movimenta\u00e7\u00e3o estranha na Rua Um, no Bairro Coab Azul, sendo [&hellip;]<\/p>\n","protected":false},"author":5,"featured_media":244029,"comment_status":"closed","ping_status":"closed","sticky":false,"template":"","format":"standard","meta":{"footnotes":""},"categories":[25,38],"tags":[],"class_list":["post-244053","post","type-post","status-publish","format-standard","has-post-thumbnail","hentry","category-costa-rica","category-policia"],"_links":{"self":[{"href":"https:\/\/www.ocorreionews.com.br\/acervo-correio\/index.php?rest_route=\/wp\/v2\/posts\/244053","targetHints":{"allow":["GET"]}}],"collection":[{"href":"https:\/\/www.ocorreionews.com.br\/acervo-correio\/index.php?rest_route=\/wp\/v2\/posts"}],"about":[{"href":"https:\/\/www.ocorreionews.com.br\/acervo-correio\/index.php?rest_route=\/wp\/v2\/types\/post"}],"author":[{"embeddable":true,"href":"https:\/\/www.ocorreionews.com.br\/acervo-correio\/index.php?rest_route=\/wp\/v2\/users\/5"}],"replies":[{"embeddable":true,"href":"https:\/\/www.ocorreionews.com.br\/acervo-correio\/index.php?rest_route=%2Fwp%2Fv2%2Fcomments&post=244053"}],"version-history":[{"count":1,"href":"https:\/\/www.ocorreionews.com.br\/acervo-correio\/index.php?rest_route=\/wp\/v2\/posts\/244053\/revisions"}],"predecessor-version":[{"id":244055,"href":"https:\/\/www.ocorreionews.com.br\/acervo-correio\/index.php?rest_route=\/wp\/v2\/posts\/244053\/revisions\/244055"}],"wp:featuredmedia":[{"embeddable":true,"href":"https:\/\/www.ocorreionews.com.br\/acervo-correio\/index.php?rest_route=\/wp\/v2\/media\/244029"}],"wp:attachment":[{"href":"https:\/\/www.ocorreionews.com.br\/acervo-correio\/index.php?rest_route=%2Fwp%2Fv2%2Fmedia&parent=244053"}],"wp:term":[{"taxonomy":"category","embeddable":true,"href":"https:\/\/www.ocorreionews.com.br\/acervo-correio\/index.php?rest_route=%2Fwp%2Fv2%2Fcategories&post=244053"},{"taxonomy":"post_tag","embeddable":true,"href":"https:\/\/www.ocorreionews.com.br\/acervo-correio\/index.php?rest_route=%2Fwp%2Fv2%2Ftags&post=244053"}],"curies":[{"name":"wp","href":"https:\/\/api.w.org\/{rel}","templated":true}]}}