{"id":244057,"date":"2023-06-30T13:04:29","date_gmt":"2023-06-30T17:04:29","guid":{"rendered":"https:\/\/www.ocorreionews.com.br\/acervo-correio\/?p=244057"},"modified":"2023-06-30T13:04:29","modified_gmt":"2023-06-30T17:04:29","slug":"implantada-a-pedido-de-paulo-correa-patrulha-rural-leva-mais-seguranca-ao-campo","status":"publish","type":"post","link":"https:\/\/www.ocorreionews.com.br\/acervo-correio\/?p=244057","title":{"rendered":"Implantada a pedido de Paulo Corr\u00eaa, Patrulha Rural leva mais seguran\u00e7a ao campo"},"content":{"rendered":"<p>Implantada em Amambai por articula\u00e7\u00e3o do deputado estadual Paulo Corr\u00eaa (PSDB), a Patrulha Rural tem reduzido os \u00edndices de criminalidade e aumentado a seguran\u00e7a dos homens e mulheres do campo, a partir do monitoramento georreferenciado de propriedades rurais.<\/p>\n<p>O mecanismo, que integra o programa Campo Mais Seguro, da Pol\u00edcia Militar, j\u00e1 cadastrou mais de 7 mil propriedades em Mato Grosso do Sul, sendo 776 apenas em Amambai, regi\u00e3o Sul do Estado.<\/p>\n<p>\u201cO furto de gados, de maquin\u00e1rios e at\u00e9 mesmo de defensores agr\u00edcolas sempre assolou produtores rurais de Mato Grosso do Sul, e, hoje, gra\u00e7as a esse bel\u00edssimo trabalho feito pela Pol\u00edcia Militar, conseguimos levar mais seguran\u00e7a para o homem e para a mulher do campo\u201d, comemorou Corr\u00eaa.<\/p>\n<p>O 1\u00ba secret\u00e1rio da Assembleia Legislativa, que tamb\u00e9m articulou a recria\u00e7\u00e3o da Delegacia Especializada de Combate a Crimes Rurais e Abigeato (Deleagro), em 2022, respons\u00e1vel pela investiga\u00e7\u00e3o e repress\u00e3o de crimes nas \u00e1reas rurais, destacou a import\u00e2ncia das lideran\u00e7as locais na conquista de melhorias para a vida da popula\u00e7\u00e3o.<\/p>\n<p>\u201cS\u00e3o os prefeitos, os vereadores e os l\u00edderes comunit\u00e1rios que conhecem de fato a realidade de quem est\u00e1 na ponta, e aqui destaco o prefeito de Amambai, Dr. Bandeira, os vereadores, em nome da presidente da C\u00e2mara Municipal, vereadora L\u00edgia Borges, que esteve junto conosco l\u00e1 no Comando-Geral da Pol\u00edcia Militar, em 2021, tentando trazer esse projeto para o munic\u00edpio, que hoje \u00e9 uma realidade e tem trazido excelentes resultados\u201d, disse.<\/p>\n<p>Corr\u00eaa tamb\u00e9m destaca a sensibilidade do governador Eduardo Riedel, do ex-governador Reinaldo Azambuja, do secret\u00e1rio de Estado de Justi\u00e7a e Seguran\u00e7a P\u00fablica, Ant\u00f4nio Carlos Videira, do atual comandante-geral da Pol\u00edcia Militar, coronel Renato dos Anjos, e do seu antecessor, coronel Marcos Paulo Gimenez, para a implanta\u00e7\u00e3o do projeto.<\/p>\n<p>\u201cA Patrulha Rural de Amambai tamb\u00e9m atende propriedades rurais de Coronel Sapucaia, Paranhos, Sete Quedas e Tacuru. \u00c9 um projeto sensacional que veio para ficar\u201d, pontua.<\/p>\n<p>Sonho que se tornou realidade<\/p>\n<p>\u201cNosso agradecimento especial ao deputado Paulo Corr\u00eaa pelo comprometimento com o munic\u00edpio de Amambai, pela instala\u00e7\u00e3o e devido funcionamento da Patrulha Rural, tendo em vista sermos uma cidade cuja base da economia \u00e9 o agroneg\u00f3cio, trazer seguran\u00e7a para aqueles que vivem no campo \u00e9 de suma import\u00e2ncia e a gente s\u00f3 tem a agradecer mais uma vez ao nosso deputado e ao Governo do Estado por ter tornado esse sonho realidade\u201d, destaca o prefeito Dr. Edinaldo Bandeira.<\/p>\n<p>O coordenador estadual do programa, Coronel Gilberto Santana, garante que a uni\u00e3o entre a comunidade local e a agilidade no atendimento das ocorr\u00eancias \u00e9 a raz\u00e3o do sucesso do projeto, que em apenas um ano registrou mais de 2,3 mil a\u00e7\u00f5es de seguran\u00e7a ostensiva, com apreens\u00e3o de drogas e cigarros contrabandeados, combate \u00e0 viol\u00eancia dom\u00e9stica, al\u00e9m do cumprimento de mandados de pris\u00e3o.<\/p>\n<p>\u201cNa Patrulha Rural, digo que \u00e9 um trip\u00e9, onde as a\u00e7\u00f5es s\u00e3o definidas pela comunidade, associa\u00e7\u00f5es e sindicatos, juntamente com as for\u00e7as policiais. Quem monitora, por exemplo, s\u00e3o os moradores, e ao sermos chamados, nos deslocamos na mesma hora\u201d, explicou.<\/p>\n<p>Presidente da C\u00e2mara Municipal, L\u00edgia Borges define. \u201cFicamos muito satisfeitos, enquanto vereadores, de ver que a nossa popula\u00e7\u00e3o est\u00e1 mais segura e que estamos no caminho certo. Agradecemos o deputado Paulo Corr\u00eaa e todos que participaram da implanta\u00e7\u00e3o desse projeto em Amambai\u201d, finaliza a vereadora.<\/p>\n<p>Assessoria<\/p>\n","protected":false},"excerpt":{"rendered":"<p>Implantada em Amambai por articula\u00e7\u00e3o do deputado estadual Paulo Corr\u00eaa (PSDB), a Patrulha Rural tem reduzido os \u00edndices de criminalidade e aumentado a seguran\u00e7a dos homens e mulheres do campo, a partir do monitoramento georreferenciado de propriedades rurais. O mecanismo, que integra o programa Campo Mais Seguro, da Pol\u00edcia Militar, j\u00e1 cadastrou mais de 7 [&hellip;]<\/p>\n","protected":false},"author":4,"featured_media":236073,"comment_status":"closed","ping_status":"closed","sticky":false,"template":"","format":"standard","meta":{"footnotes":""},"categories":[37],"tags":[],"class_list":["post-244057","post","type-post","status-publish","format-standard","has-post-thumbnail","hentry","category-politica"],"_links":{"self":[{"href":"https:\/\/www.ocorreionews.com.br\/acervo-correio\/index.php?rest_route=\/wp\/v2\/posts\/244057","targetHints":{"allow":["GET"]}}],"collection":[{"href":"https:\/\/www.ocorreionews.com.br\/acervo-correio\/index.php?rest_route=\/wp\/v2\/posts"}],"about":[{"href":"https:\/\/www.ocorreionews.com.br\/acervo-correio\/index.php?rest_route=\/wp\/v2\/types\/post"}],"author":[{"embeddable":true,"href":"https:\/\/www.ocorreionews.com.br\/acervo-correio\/index.php?rest_route=\/wp\/v2\/users\/4"}],"replies":[{"embeddable":true,"href":"https:\/\/www.ocorreionews.com.br\/acervo-correio\/index.php?rest_route=%2Fwp%2Fv2%2Fcomments&post=244057"}],"version-history":[{"count":1,"href":"https:\/\/www.ocorreionews.com.br\/acervo-correio\/index.php?rest_route=\/wp\/v2\/posts\/244057\/revisions"}],"predecessor-version":[{"id":244058,"href":"https:\/\/www.ocorreionews.com.br\/acervo-correio\/index.php?rest_route=\/wp\/v2\/posts\/244057\/revisions\/244058"}],"wp:featuredmedia":[{"embeddable":true,"href":"https:\/\/www.ocorreionews.com.br\/acervo-correio\/index.php?rest_route=\/wp\/v2\/media\/236073"}],"wp:attachment":[{"href":"https:\/\/www.ocorreionews.com.br\/acervo-correio\/index.php?rest_route=%2Fwp%2Fv2%2Fmedia&parent=244057"}],"wp:term":[{"taxonomy":"category","embeddable":true,"href":"https:\/\/www.ocorreionews.com.br\/acervo-correio\/index.php?rest_route=%2Fwp%2Fv2%2Fcategories&post=244057"},{"taxonomy":"post_tag","embeddable":true,"href":"https:\/\/www.ocorreionews.com.br\/acervo-correio\/index.php?rest_route=%2Fwp%2Fv2%2Ftags&post=244057"}],"curies":[{"name":"wp","href":"https:\/\/api.w.org\/{rel}","templated":true}]}}