{"id":244059,"date":"2023-06-30T13:25:33","date_gmt":"2023-06-30T17:25:33","guid":{"rendered":"https:\/\/www.ocorreionews.com.br\/acervo-correio\/?p=244059"},"modified":"2023-06-30T13:25:33","modified_gmt":"2023-06-30T17:25:33","slug":"ampla-visao-rose-e-lucas-de-lima-uma-nova-opcao","status":"publish","type":"post","link":"https:\/\/www.ocorreionews.com.br\/acervo-correio\/?p=244059","title":{"rendered":"Ampla Vis\u00e3o: Rose e Lucas de Lima: uma nova op\u00e7\u00e3o?"},"content":{"rendered":"<p><strong><u>\u2018C\u2019EST FINI\u2019:<\/u><\/strong>\u00a0Eleita gra\u00e7as ao fator Bolsonaro, a senadora Soraya Thronicke tenta se salvar deixando o Uni\u00e3o Brasil rumo ao Podemos. Est\u00e1 literalmente queimada junto ao eleitorado que votou nela. Mudar de partido n\u00e3o resolve;\u00a0<strong>\u00e9 como s\u00f3 tirar o sof\u00e1 da sala no<\/strong>\u00a0<strong>adult\u00e9rio<\/strong>. Seus eleitores n\u00e3o a perdoam pela sua trai\u00e7\u00e3o oce\u00e2nica.\u00a0<strong>\u2018Z\u00e9 fini\u2019<\/strong>.<\/p>\n<p><strong><u>NOVIDADE:<\/u><\/strong>\u00a0Essa visita do deputado Lucas de Lima (PDT) \u00e0 Sudeco est\u00e1 motivando coment\u00e1rios. A ex-deputada Rose Modesto \u2013 hoje no comando do \u00f3rg\u00e3o \u2013 n\u00e3o jogou a toalha quanto \u00e0 sucess\u00e3o da capital. \u00c9 o melhor nome de seu partido (Uni\u00e3o Brasil) para 2024 e ter o parlamentar pedetista como candidato a vice prefeito \u00e9 uma possibilidade.<\/p>\n<div id=\"taboola-mid-article\" class=\"d-print-none my-3\"><\/div>\n<p><strong><u>LUCAS:<\/u><\/strong>\u00a0As pesquisas registram desempenho ascendente do deputado radialista, fato que j\u00e1 provoca rea\u00e7\u00f5es preocupantes nos bastidores. Pelo que se nota, ele n\u00e3o gosta, de alguma forma, ser comparado a outros ex-pol\u00edticos radialistas da capital, tomando \u00a0cuidados para preservar a sua imagem. Mas ele sabe, n\u00e3o pode atropelar o sistema.<\/p>\n<p><strong><u>ESSES JAPONESES\u2026<\/u><\/strong>\u00a0Mais de 15 mil na capital, mais de 30 mil no estado. O evento promovido pelo deputado Roberto Hoshioka na Alems em comemora\u00e7\u00e3o aos 115 anos de imigra\u00e7\u00e3o japonesa mostrou a for\u00e7a e a unidade da col\u00f4nia. Quem foi saiu convencido do papel importante desta col\u00f4nia no nosso contexto social.<\/p>\n<p><strong><u>IMPRESCIND\u00cdVEIS:\u00a0<\/u><\/strong>\u00a0Quem de n\u00f3s n\u00e3o dependeu dos pr\u00e9stimos de profissionais da\u00a0 \u00a0enfermagem? Eles buscam a melhoria salarial junto ao Governo do Estado e bateram \u00e0s portas da Assembleia Legislativa na busca de apoio para suas reivindica\u00e7\u00f5es. Deu a l\u00f3gica: os argumentos irrefut\u00e1veis sensibilizaram os deputados. Ser\u00e3o atendidos.<\/p>\n<p><strong><u>COOPERATIVAS:<\/u><\/strong>\u00a0Pasmem! S\u00e3o 126 no MS, 12.931 empregos, 451 mil cooperados, 60 unidades no agro, 12 no cr\u00e9dito, 14 na sa\u00fade, 25 no transporte, 8 de bens e servi\u00e7os, 6 na infraestrutura, uma de consumo. Otimista, o coordenador da Frente Parlamentar do Cooperativismo, o deputado professor Rinaldo acredita na for\u00e7a do sistema em todos segmentos de atividades.<\/p>\n<p><strong><u>HONRA &amp; POL\u00cdTICA:<\/u><\/strong>\u00a0Sempre atual o velho ditado romeno\u00a0<strong>\u201ca mudan\u00e7a de governantes \u00e9<\/strong>\u00a0<strong>a alegria dos tolos\u201d.<\/strong>\u00a0Apesar da vigil\u00e2ncia pela internet, pol\u00edticos ignoram os valores necess\u00e1rios na vida p\u00fablica e privada. Utopia exigir pol\u00edticos compar\u00e1veis, por exemplo, ao general Charles de Gaulle, refer\u00eancia em seriedade e honradez no poder.<\/p>\n<p><strong><u>\u2018TALENTOSO\u2019:\u00a0<\/u><\/strong>\u201c ( )\u2026o ministro Alexandre Silveira, de Minas e Energia \u00e9 um sujeito modesto. Pol\u00edtico h\u00e1 quase duas d\u00e9cadas se apresenta aos eleitores como ex-policial, servidor p\u00fablico e parlamentar\u2026( )\u2026 esconde atr\u00e1s da porta de sua mod\u00e9stia uma evolu\u00e7\u00e3o patrimonial invej\u00e1vel. Em 2006 quando disputou seu primeiro mandato, ostentava patrim\u00f4nio de\u00a0<strong>R$2,6 milh\u00f5es<\/strong>, em valores atualizados. Hoje, acumula uma riqueza de mais de\u00a0<strong>R$79 milh\u00f5es<\/strong>\u2026\u201d (<strong>Josias de Souza<\/strong>\u00a0\u2013 FSP \u2013 26\/06\/2023)<\/p>\n<p><strong><u>IMPRESSIONA:<\/u><\/strong>\u00a0A m\u00eddia est\u00e1 repleta de not\u00edcias locais e nacionais sobre esc\u00e2ndalos envolvendo figuras p\u00fablicas e pol\u00edticos suspeitos.\u00a0<strong>Pelo odor e outros fatores<\/strong>\u00a0(leia-se postura dos envolvidos) a popula\u00e7\u00e3o acredita na veracidade do notici\u00e1rio. A\u00a0<strong>absolvi\u00e7\u00e3o judicial \u00e9 inconvincente,<\/strong>\u00a0incapaz de mudar o conceito de acusados junto a opini\u00e3o p\u00fablica.<\/p>\n<p><strong><u>1-METAMORFOSE:<\/u><\/strong>\u00a0Nas elei\u00e7\u00f5es voltam os discursos prometendo refundar a \u00e9tica. Mas os poucos navegantes ousados acabam tragados pelo rebojo das \u00e1guas de outros interesses pessoais\/partid\u00e1rios.\u00a0<strong>Exemplos ocorreram nas elei\u00e7\u00f5es estaduais de 2022.<\/strong>\u00a0 O sistema de \u20182 turnos\u2019 obriga os pol\u00edticos\u00a0<strong>retirarem as m\u00e1scaras<\/strong>\u00a0usadas no 1\u00ba turno.<\/p>\n<p><strong><u>2-METAMORFOSE:<\/u><\/strong>\u00a0Os discursos e posturas dos candidatos ao Governo Estadual no \u00a0primeiro e o segundo turno mostraram faces diferentes. Dois casos emblem\u00e1ticos: o apoio do candidato Puccinelli (MDB) ao seu ex-concorrente Capit\u00e3o Contar (PRTB) e aquele apoio do l\u00edder Zeca do PT ao ex-opoente Eduardo Riedel (PSDB).<\/p>\n<p><strong><u>VALE TUDO:<\/u><\/strong>\u00a0No segundo turno vale futuros cargos na administra\u00e7\u00e3o, vale promessa de novas alian\u00e7as, vale obras para empreiteiras de gente mancomunada financiando a campanha e assim por diante. Essa balela usual de \u2018identidade partid\u00e1ria\u2019 para tentar justificar alian\u00e7as estranhas, pecaminosas, n\u00e3o passa de papo para boi dormir.<\/p>\n<p><strong><u>\u2018OUTSIDERS\u2019:<\/u><\/strong>\u00a0Estar\u00e3o presentes no pleito de 2024? Sim, com aquele discurso cr\u00edtico e promessas ut\u00f3picas. \u00a0Em v\u00e1rias cidades figuras despreparadas ser\u00e3o adotadas como representantes do eleitor desconectado. H\u00e1 chances de renova\u00e7\u00e3o \u2018tsunami\u2019, sem rosto.\u00a0 \u00c9 o \u2018<strong>efeito Tiririca\u2019<\/strong>\u00a0j\u00e1 constatado pelos adesivos nos ve\u00edculos \u2013\u00a0<strong>\u201camigos do \u2026\u201d<\/strong><\/p>\n<p><strong><u>E AGORA?:\u00a0<\/u><\/strong>\u00a0Que tal lembrar o conceito de Leon Tr\u00f3stski, ex-ministro da Defesa da Uni\u00e3o Sovi\u00e9tica ap\u00f3s a chegada ao Kremlim:\u00a0 \u201c\u2026\u00e9 imperativo, para que o socialismo consolide o poder, desarmar a popula\u00e7\u00e3o. A hist\u00f3ria nos ensina que n\u00e3o se pode tomar o poder onde o povo est\u00e1 fortemente armado. Um povo armado \u00e9 um povo livre\u201d.<\/p>\n<p><strong><u>DOURADOS:\u00a0<\/u><\/strong>\u00a0Sobre o habitual cen\u00e1rio pol\u00edtico indecifr\u00e1vel\u00a0 e seu futuro, um colega da terra definiu:\u00a0<strong>\u201cDourados? Definitivamente n\u00e3o \u00e9 para amadores\u201d.\u00a0<\/strong>\u00a0Se fosse ainda vivo, nem mesmo o pesquisador franc\u00eas Champollion (que decifrou os hier\u00f3glifos eg\u00edpcios a mando de Napole\u00e3o) garantiria uma solu\u00e7\u00e3o inquestion\u00e1vel.<\/p>\n<p><strong><u>\u00c9 DEMAIS:<\/u><\/strong>\u00a0Em 2011 a Caixa Econ\u00f4mica Federal usou num filme um ator branco interpretando Machado de Assis (filho de negro com uma portuguesa branca). Entidades reagiram \u2013 apesar do escritor ser \u00a0moreno. Sob press\u00e3o, a Caixa suspendeu a campanha substituindo o personagem de Machado por um ator negro.<\/p>\n<p><strong><u>BRONCA:\u00a0<\/u><\/strong>\u00a0Os resultados do censo causando reclama\u00e7\u00f5es e motivando at\u00e9 piadas nas redes sociais. A reclama\u00e7\u00e3o \u00e9 que os n\u00fameros apresentados s\u00e3o inconsistentes, n\u00e3o refletem a realidade das cidades. Aqui n\u00e3o tem sido diferente. Os casos da capital e de Corumb\u00e1 \u2013 por exemplo \u2013 mostram isso. Concluo questionando se todos os lares foram visitados pelos recenseadores.<\/p>\n<p><strong><u>O DUELO:\u00a0<\/u><\/strong>\u00a0A fronteira entre a mentira e a verdade mistura h\u00e1bitos e necessidades. Uns mentem para ganhar dinheiro, outros para ganhar poder, poucos para ter os dois e muito para sobreviver. Vivemos a era da mentira. Desde sempre a mentira \u00e9 parte integrante do ser humano, uma esp\u00e9cie capaz de conquistar muito mais coisas mentindo do que dizendo a verdade. Ningu\u00e9m jamais venceu uma guerra falando a verdade; muito menos uma elei\u00e7\u00e3o<strong>. ( Marcelo Tognozzi)<\/strong><\/p>\n<p><strong><u>\u2018CALMANTE?\u2019<\/u><\/strong>\u00a0Segundo dados oficiais existem 68 milh\u00f5es de brasileiros que est\u00e3o inadimplentes em suas contas do dia a dia. Da\u00ed chega-se a conclus\u00e3o \u00f3bvia de que pouco adianta \u2013 ou quase nada \u2013 o governo oferecer carros populares ao custo de R$60 mil se eles n\u00e3o tem grana para abastecer ou arcar com as presta\u00e7\u00f5es com juros l\u00e1 em cima.<\/p>\n<p><strong><u>REFLEX\u00c3O:<\/u><\/strong>\u00a0\u201cNa vida, cada um leva sua carga de\u00a0<strong>v\u00edcios, virtudes, afetos e desafetos<\/strong>, at\u00e9 que se resolva por desfazer-se do que julgar necess\u00e1rio. A vida \u00e9 feita de partidas e chegadas. De idas e vindas. Assim, o que para uns parece ser a partida, para outros e a chegada\u201d (da par\u00e1bola contada pelo saudoso rabino Henry Sobel quando da morte de Mario Covas)<\/p>\n<p><strong><u>PONTO FINAL:<\/u><\/strong><\/p>\n<p>Corrup\u00e7\u00e3o escondida vale tanto como p\u00fablica; a diferen\u00e7a \u00e9 que n\u00e3o fede<strong>. (Machado de Assis)<\/strong>.<\/p>\n","protected":false},"excerpt":{"rendered":"<p>\u2018C\u2019EST FINI\u2019:\u00a0Eleita gra\u00e7as ao fator Bolsonaro, a senadora Soraya Thronicke tenta se salvar deixando o Uni\u00e3o Brasil rumo ao Podemos. Est\u00e1 literalmente queimada junto ao eleitorado que votou nela. Mudar de partido n\u00e3o resolve;\u00a0\u00e9 como s\u00f3 tirar o sof\u00e1 da sala no\u00a0adult\u00e9rio. Seus eleitores n\u00e3o a perdoam pela sua trai\u00e7\u00e3o oce\u00e2nica.\u00a0\u2018Z\u00e9 fini\u2019. NOVIDADE:\u00a0Essa visita do [&hellip;]<\/p>\n","protected":false},"author":4,"featured_media":172463,"comment_status":"closed","ping_status":"closed","sticky":false,"template":"","format":"standard","meta":{"footnotes":""},"categories":[37],"tags":[],"class_list":["post-244059","post","type-post","status-publish","format-standard","has-post-thumbnail","hentry","category-politica"],"_links":{"self":[{"href":"https:\/\/www.ocorreionews.com.br\/acervo-correio\/index.php?rest_route=\/wp\/v2\/posts\/244059","targetHints":{"allow":["GET"]}}],"collection":[{"href":"https:\/\/www.ocorreionews.com.br\/acervo-correio\/index.php?rest_route=\/wp\/v2\/posts"}],"about":[{"href":"https:\/\/www.ocorreionews.com.br\/acervo-correio\/index.php?rest_route=\/wp\/v2\/types\/post"}],"author":[{"embeddable":true,"href":"https:\/\/www.ocorreionews.com.br\/acervo-correio\/index.php?rest_route=\/wp\/v2\/users\/4"}],"replies":[{"embeddable":true,"href":"https:\/\/www.ocorreionews.com.br\/acervo-correio\/index.php?rest_route=%2Fwp%2Fv2%2Fcomments&post=244059"}],"version-history":[{"count":1,"href":"https:\/\/www.ocorreionews.com.br\/acervo-correio\/index.php?rest_route=\/wp\/v2\/posts\/244059\/revisions"}],"predecessor-version":[{"id":244060,"href":"https:\/\/www.ocorreionews.com.br\/acervo-correio\/index.php?rest_route=\/wp\/v2\/posts\/244059\/revisions\/244060"}],"wp:featuredmedia":[{"embeddable":true,"href":"https:\/\/www.ocorreionews.com.br\/acervo-correio\/index.php?rest_route=\/wp\/v2\/media\/172463"}],"wp:attachment":[{"href":"https:\/\/www.ocorreionews.com.br\/acervo-correio\/index.php?rest_route=%2Fwp%2Fv2%2Fmedia&parent=244059"}],"wp:term":[{"taxonomy":"category","embeddable":true,"href":"https:\/\/www.ocorreionews.com.br\/acervo-correio\/index.php?rest_route=%2Fwp%2Fv2%2Fcategories&post=244059"},{"taxonomy":"post_tag","embeddable":true,"href":"https:\/\/www.ocorreionews.com.br\/acervo-correio\/index.php?rest_route=%2Fwp%2Fv2%2Ftags&post=244059"}],"curies":[{"name":"wp","href":"https:\/\/api.w.org\/{rel}","templated":true}]}}