{"id":244071,"date":"2023-06-30T13:57:33","date_gmt":"2023-06-30T17:57:33","guid":{"rendered":"https:\/\/www.ocorreionews.com.br\/acervo-correio\/?p=244071"},"modified":"2023-06-30T13:57:33","modified_gmt":"2023-06-30T17:57:33","slug":"ja-levei-facada-na-barriga-e-hoje-foi-nas-costas-diz-bolsonaro-apos-decisao-do-tse","status":"publish","type":"post","link":"https:\/\/www.ocorreionews.com.br\/acervo-correio\/?p=244071","title":{"rendered":"\u2018J\u00e1 levei facada na barriga, e hoje foi nas costas\u2019, diz Bolsonaro ap\u00f3s decis\u00e3o do TSE"},"content":{"rendered":"<p>Momentos depois de o <strong>Tribunal Superior Eleitoral<\/strong> (TSE) formar maioria para o tornar ineleg\u00edvel, o ex-presidente da Rep\u00fablica, <strong>Jair Bolsonaro<\/strong> (PL), afirmou ter levado \u201cuma facada nas costas\u201d ao ter sua inelegibilidade confirmada pela Corte.<\/p>\n<p>A declara\u00e7\u00e3o foi dada nesta sexta-feira, 30, durante conversa com jornalistas em <strong>Belo Horizonte<\/strong>. \u201cRespeitei a Constitui\u00e7\u00e3o, trabalhei dentro das quatro linhas. Parece que esse esfor\u00e7o todo n\u00e3o teve esse valor reconhecido. [\u2026] N\u00e3o gostaria de me tornar ineleg\u00edvel\u201d, disse Bolsonaro. \u201cH\u00e1 pouco tempo, levei uma facada na barriga. Hoje levei uma facada nas costas com a inelegibilidade por abuso de poder pol\u00edtico\u201d, continuou o ex-presidente. Em seguida, Bolsonaro voltou a citar o julgamento da chapa Dilma-Temer em 2017, dizendo que a jurisprud\u00eancia foi alterada e que ele foi julgado e condenado pelo \u201cconjunto da obra\u201d. Questionado pelos jornalistas, o ex-presidente disse que vai conversar com seus advogados e verificar op\u00e7\u00f5es vi\u00e1veis. \u201cEu vou conversar com os advogados. Vou ver o que o advogado tem a dizer sobre\u201d, disse Bolsonaro.<\/p>\n<p>O ex-chefe do Executivo tamb\u00e9m analisou o cen\u00e1rio pol\u00edtico do pa\u00eds, dizendo que a oposi\u00e7\u00e3o para Lula em 2026 ainda n\u00e3o existe. Em seguida, ele ironiza o atual presidente <strong><a href=\"https:\/\/jovempan.com.br\/tag\/lula\">Luiz In\u00e1cio Lula da Silva<\/a><\/strong> (PT), chamando o atual mandat\u00e1rio de \u201cgrande democrata\u201d e afirmando que o TSE trabalhou contra suas propostas. \u201cO caminho est\u00e1 bastante avan\u00e7ado para uma ditadura. Elei\u00e7\u00f5es sem confronto n\u00e3o \u00e9 democracia. Quem seria oposi\u00e7\u00e3o para o atual mandat\u00e1rio que est\u00e1 ai em 2026? No momento, ainda n\u00e3o tem nome. Pode ser que apare\u00e7a, mas n\u00e3o tem nome. Seria quase um W.O. ou poderiam, por aclama\u00e7\u00e3o, l\u00e1 no TSE, continuar o mandato do Lula, afinal de contas ele \u00e9 um grande democrata. Um cara que esteve na cadeia por tanto tempo, condenado por nove ju\u00edzes em tr\u00eas inst\u00e2ncias, tirado da cadeia para disputar a presid\u00cancia. Um massacre para cima de mim, por parte de alguns setores da sociedade, e tamb\u00e9m um Tribunal Superior Eleitoral que trabalhou contra as minhas propostas. Fui proibido de mostrar imagens do Lula defendendo aborto, dizendo que pode roubar um celular para tomar uma cervejinha\u201d, afirmou\u00a0 o ex-presidente.<\/p>\n<p>Em outro momento, Bolsonaro destacou que n\u00e3o houve corrup\u00e7\u00e3o durante seus quatro anos de governo e relembrou que o TSE chegou a proibir at\u00e9 a realiza\u00e7\u00e3o das tradicionais transmiss\u00f5es ao vivo, que eram feitas semanalmente \u00e0s quintas-feiras. \u201cAcredito que tenha sido a primeira condena\u00e7\u00e3o por abuso de poder politico. Acredito que esse tenha sido meu crime, um crime sem corrup\u00e7\u00e3o. Desde que assumi falaram que eu ia dar golpe. Acompanhamos as elei\u00e7\u00f5es, a maneira como TSE agiu e proibiu at\u00e9 de fazer live na minha casa\u201d, disse Bolsonaro. \u201cAcho que o Brasil fica de luto, algu\u00e9m vai soltar fogos, obviamente. (O Lula) Vai entrar em campo para ganhar por quase W.O. em 2023, mas isso \u00e9 democracia\u201d, afirmou em outro momento o ex- mandat\u00e1rio.<\/p>\n<p>O julgamento que tornou Bolsonaro ineleg\u00edvel come\u00e7ou na semana passada. O relator do caso, ministro Benedito Gon\u00e7alves, votou pela inelegibilidade do ex-chefe do Executivo, sendo acompanhado por Floriano de Azevedo, Andr\u00e9 Ramos Tavares, C\u00e1rmen L\u00facia e Alexandre de Moraes. Por outro lado, os ministros Raul Ara\u00fajo e Nunes Marques se posicionaram contra a decis\u00e3o. Bolsonaro \u00e9 acusado de abuso de poder pol\u00edtico e uso indevido de meios de comunica\u00e7\u00f5es por causa da reuni\u00e3o com embaixadores realizada no dia 18 de julho de 2022. Na ocasi\u00e3o, o ex-mandat\u00e1rio reuniu chefes de miss\u00f5es diplom\u00e1ticas e pontuou supostas falhas de seguran\u00e7a no sistema eleitoral brasileiro. Dentre os itens citados pelo ex-presidente, est\u00e3o o ataque hacker ao sistema da Corte e mencionou o convite feito pelo ent\u00e3o presidente do TSE para observadores internacionais acompanharem o pleito, dizendo n\u00e3o saber o que viriam fazer no pa\u00eds.<\/p>\n<p>&nbsp;<\/p>\n<p>Jovem Pan<\/p>\n","protected":false},"excerpt":{"rendered":"<p>Momentos depois de o Tribunal Superior Eleitoral (TSE) formar maioria para o tornar ineleg\u00edvel, o ex-presidente da Rep\u00fablica, Jair Bolsonaro (PL), afirmou ter levado \u201cuma facada nas costas\u201d ao ter sua inelegibilidade confirmada pela Corte. A declara\u00e7\u00e3o foi dada nesta sexta-feira, 30, durante conversa com jornalistas em Belo Horizonte. \u201cRespeitei a Constitui\u00e7\u00e3o, trabalhei dentro das [&hellip;]<\/p>\n","protected":false},"author":5,"featured_media":244072,"comment_status":"closed","ping_status":"closed","sticky":false,"template":"","format":"standard","meta":{"footnotes":""},"categories":[37],"tags":[],"class_list":["post-244071","post","type-post","status-publish","format-standard","has-post-thumbnail","hentry","category-politica"],"_links":{"self":[{"href":"https:\/\/www.ocorreionews.com.br\/acervo-correio\/index.php?rest_route=\/wp\/v2\/posts\/244071","targetHints":{"allow":["GET"]}}],"collection":[{"href":"https:\/\/www.ocorreionews.com.br\/acervo-correio\/index.php?rest_route=\/wp\/v2\/posts"}],"about":[{"href":"https:\/\/www.ocorreionews.com.br\/acervo-correio\/index.php?rest_route=\/wp\/v2\/types\/post"}],"author":[{"embeddable":true,"href":"https:\/\/www.ocorreionews.com.br\/acervo-correio\/index.php?rest_route=\/wp\/v2\/users\/5"}],"replies":[{"embeddable":true,"href":"https:\/\/www.ocorreionews.com.br\/acervo-correio\/index.php?rest_route=%2Fwp%2Fv2%2Fcomments&post=244071"}],"version-history":[{"count":1,"href":"https:\/\/www.ocorreionews.com.br\/acervo-correio\/index.php?rest_route=\/wp\/v2\/posts\/244071\/revisions"}],"predecessor-version":[{"id":244073,"href":"https:\/\/www.ocorreionews.com.br\/acervo-correio\/index.php?rest_route=\/wp\/v2\/posts\/244071\/revisions\/244073"}],"wp:featuredmedia":[{"embeddable":true,"href":"https:\/\/www.ocorreionews.com.br\/acervo-correio\/index.php?rest_route=\/wp\/v2\/media\/244072"}],"wp:attachment":[{"href":"https:\/\/www.ocorreionews.com.br\/acervo-correio\/index.php?rest_route=%2Fwp%2Fv2%2Fmedia&parent=244071"}],"wp:term":[{"taxonomy":"category","embeddable":true,"href":"https:\/\/www.ocorreionews.com.br\/acervo-correio\/index.php?rest_route=%2Fwp%2Fv2%2Fcategories&post=244071"},{"taxonomy":"post_tag","embeddable":true,"href":"https:\/\/www.ocorreionews.com.br\/acervo-correio\/index.php?rest_route=%2Fwp%2Fv2%2Ftags&post=244071"}],"curies":[{"name":"wp","href":"https:\/\/api.w.org\/{rel}","templated":true}]}}