{"id":244074,"date":"2023-06-30T13:08:23","date_gmt":"2023-06-30T17:08:23","guid":{"rendered":"https:\/\/www.ocorreionews.com.br\/acervo-correio\/?p=244074"},"modified":"2023-06-30T14:00:28","modified_gmt":"2023-06-30T18:00:28","slug":"costa-rica-firma-acordo-com-a-junta-comercial-de-ms-para-garantir-redesim","status":"publish","type":"post","link":"https:\/\/www.ocorreionews.com.br\/acervo-correio\/?p=244074","title":{"rendered":"Costa Rica firma acordo com a Junta Comercial de MS para garantir REDESIM"},"content":{"rendered":"<div class=\"ntc_cont_descricao_noticia sw_txteditor\">O Munic\u00edpio de Costa Rica firmou um acordo de coopera\u00e7\u00e3o t\u00e9cnica com a Junta Comercial de Mato Grosso do Sul (JUCEMS), a fim de operacionalizar a Rede Nacional para a Simplifica\u00e7\u00e3o do Registro e da Legaliza\u00e7\u00e3o de Empresas e Neg\u00f3cios (REDESIM) no munic\u00edpio. O acordo foi formalizado atrav\u00e9s do Terceiro Termo Aditivo ao Termo de Coopera\u00e7\u00e3o T\u00e9cnica n\u00b0 015\/2019, assinado pelas partes interessadas.<\/p>\n<p>Com a assinatura do acordo, o prefeito de Costa Rica, delegado Cleverson Alves dos Santos e o representante da JUCEMS, Nivaldo Domingos da Rocha, est\u00e3o empenhados em trabalhar em conjunto para garantir a efetiva implanta\u00e7\u00e3o da REDESIM no munic\u00edpio, proporcionando um ambiente mais favor\u00e1vel ao empreendedorismo e ao crescimento econ\u00f4mico da regi\u00e3o.<\/p>\n<p>O objetivo do acordo \u00e9 simplificar e agilizar os processos de registro e legaliza\u00e7\u00e3o de empresas e neg\u00f3cios em Costa Rica, facilitando a vida dos empreendedores locais. A JUCEMS, como \u00f3rg\u00e3o respons\u00e1vel pelo registro de empresas no estado, ir\u00e1 fornecer todo o suporte necess\u00e1rio para a implementa\u00e7\u00e3o da REDESIM no munic\u00edpio.<\/p>\n<p>O acordo entre ambas as partes, demonstra o interesse m\u00fatuo em promover a simplifica\u00e7\u00e3o dos processos burocr\u00e1ticos e fomentar o desenvolvimento econ\u00f4mico da regi\u00e3o. O prazo estabelecido para a vig\u00eancia do acordo \u00e9 de 24 junho de 2023 a 23 de junho de 2024.<\/p>\n<p>A base legal para a celebra\u00e7\u00e3o do acordo \u00e9 a Resolu\u00e7\u00e3o\/SEFAZ n\u00b0 2.052\/07 e n\u00b0 2.093\/07, o Decreto Estadual n\u00b0 11.261\/03 e a Lei n\u00b0 8.666\/93, que estabelecem as normas para a coopera\u00e7\u00e3o entre os \u00f3rg\u00e3os p\u00fablicos.\n<\/p><\/div>\n<div class=\"ntc_area_info_noticia sw_lato\">\n<div>\n<div class=\"ntc_info_noticia\"><strong class=\"sw_lato_black\">Fonte: <\/strong>Assessoria de Comunica\u00e7\u00e3o &#8211; PMCR, <strong class=\"sw_lato_black\">\u00a0<\/strong>Silvestre de Castro<\/div>\n<\/div>\n<\/div>\n","protected":false},"excerpt":{"rendered":"<p>O Munic\u00edpio de Costa Rica firmou um acordo de coopera\u00e7\u00e3o t\u00e9cnica com a Junta Comercial de Mato Grosso do Sul (JUCEMS), a fim de operacionalizar a Rede Nacional para a Simplifica\u00e7\u00e3o do Registro e da Legaliza\u00e7\u00e3o de Empresas e Neg\u00f3cios (REDESIM) no munic\u00edpio. O acordo foi formalizado atrav\u00e9s do Terceiro Termo Aditivo ao Termo de [&hellip;]<\/p>\n","protected":false},"author":5,"featured_media":244075,"comment_status":"closed","ping_status":"closed","sticky":false,"template":"","format":"standard","meta":{"footnotes":""},"categories":[25],"tags":[],"class_list":["post-244074","post","type-post","status-publish","format-standard","has-post-thumbnail","hentry","category-costa-rica"],"_links":{"self":[{"href":"https:\/\/www.ocorreionews.com.br\/acervo-correio\/index.php?rest_route=\/wp\/v2\/posts\/244074","targetHints":{"allow":["GET"]}}],"collection":[{"href":"https:\/\/www.ocorreionews.com.br\/acervo-correio\/index.php?rest_route=\/wp\/v2\/posts"}],"about":[{"href":"https:\/\/www.ocorreionews.com.br\/acervo-correio\/index.php?rest_route=\/wp\/v2\/types\/post"}],"author":[{"embeddable":true,"href":"https:\/\/www.ocorreionews.com.br\/acervo-correio\/index.php?rest_route=\/wp\/v2\/users\/5"}],"replies":[{"embeddable":true,"href":"https:\/\/www.ocorreionews.com.br\/acervo-correio\/index.php?rest_route=%2Fwp%2Fv2%2Fcomments&post=244074"}],"version-history":[{"count":1,"href":"https:\/\/www.ocorreionews.com.br\/acervo-correio\/index.php?rest_route=\/wp\/v2\/posts\/244074\/revisions"}],"predecessor-version":[{"id":244076,"href":"https:\/\/www.ocorreionews.com.br\/acervo-correio\/index.php?rest_route=\/wp\/v2\/posts\/244074\/revisions\/244076"}],"wp:featuredmedia":[{"embeddable":true,"href":"https:\/\/www.ocorreionews.com.br\/acervo-correio\/index.php?rest_route=\/wp\/v2\/media\/244075"}],"wp:attachment":[{"href":"https:\/\/www.ocorreionews.com.br\/acervo-correio\/index.php?rest_route=%2Fwp%2Fv2%2Fmedia&parent=244074"}],"wp:term":[{"taxonomy":"category","embeddable":true,"href":"https:\/\/www.ocorreionews.com.br\/acervo-correio\/index.php?rest_route=%2Fwp%2Fv2%2Fcategories&post=244074"},{"taxonomy":"post_tag","embeddable":true,"href":"https:\/\/www.ocorreionews.com.br\/acervo-correio\/index.php?rest_route=%2Fwp%2Fv2%2Ftags&post=244074"}],"curies":[{"name":"wp","href":"https:\/\/api.w.org\/{rel}","templated":true}]}}