{"id":244077,"date":"2023-06-30T13:01:47","date_gmt":"2023-06-30T17:01:47","guid":{"rendered":"https:\/\/www.ocorreionews.com.br\/acervo-correio\/?p=244077"},"modified":"2023-06-30T14:04:48","modified_gmt":"2023-06-30T18:04:48","slug":"cade-o-inverno-primeira-semana-de-julho-tera-calor-de-33oc-em-mato-grosso-do-sul","status":"publish","type":"post","link":"https:\/\/www.ocorreionews.com.br\/acervo-correio\/?p=244077","title":{"rendered":"Cad\u00ea o inverno? Primeira semana de julho ter\u00e1 calor de 33\u00baC em Mato Grosso do Sul"},"content":{"rendered":"<p>Julho come\u00e7a no s\u00e1bado (1\u00ba) e apesar de estarmos em pleno inverno, as temperaturas em Mato Grosso do Sul devem se manter acima dos 30\u00b0C nos pr\u00f3ximos dias. Al\u00e9m disso, a baixa umidade do ar aumenta a sensa\u00e7\u00e3o de calor.<\/p>\n<p>De acordo com o Cemtec\/MS, julho chega com manh\u00e3s frias, dias quentes, grande amplitude t\u00e9rmica e baixa umidade do ar. A estiagem em Mato Grosso do Sul, que em v\u00e1rias cidades j\u00e1 dura 20 dias, deve permanecer pela pr\u00f3xima semana.<\/p>\n<p>Os dias devem continuar come\u00e7ando com temperatura amena, entre 12\u00b0C e 14\u00b0C, mas o calor esquenta rapidamente e as m\u00e1ximas podem passar dos 30\u00b0C em v\u00e1rias cidades. Enquanto isso, a umidade relativa do ar fica entre 20% e 40%.<\/p>\n<div><\/div>\n<div><\/div>\n<p>Nas regi\u00f5es norte e nordeste do MS, s\u00e3o esperadas m\u00ednimas entre 13 e 16\u00b0C e m\u00e1ximas podem ultrapassar os 31\u00b0C. Na regi\u00e3o oeste do estado as temperaturas m\u00ednimas ficam entre 15 e 20\u00b0C e m\u00e1ximas podem chegar at\u00e9 os 33\u00b0C.<\/p>\n<p>Em Chapad\u00e3o do Sul, m\u00ednima de 13\u00b0C e m\u00e1xima de at\u00e9 29\u00b0C.<\/p>\n<p>&nbsp;<\/p>\n<p>*Midiamax, Priscilla Peres<\/p>\n<div class=\"elementor-element elementor-element-ec9eab2 elementor-widget__width-auto elementor-widget elementor-widget-text-editor\" data-id=\"ec9eab2\" data-element_type=\"widget\" data-widget_type=\"text-editor.default\">\n<div class=\"elementor-widget-container\"><\/div>\n<\/div>\n","protected":false},"excerpt":{"rendered":"<p>Julho come\u00e7a no s\u00e1bado (1\u00ba) e apesar de estarmos em pleno inverno, as temperaturas em Mato Grosso do Sul devem se manter acima dos 30\u00b0C nos pr\u00f3ximos dias. Al\u00e9m disso, a baixa umidade do ar aumenta a sensa\u00e7\u00e3o de calor. De acordo com o Cemtec\/MS, julho chega com manh\u00e3s frias, dias quentes, grande amplitude t\u00e9rmica [&hellip;]<\/p>\n","protected":false},"author":5,"featured_media":106681,"comment_status":"closed","ping_status":"closed","sticky":false,"template":"","format":"standard","meta":{"footnotes":""},"categories":[144],"tags":[],"class_list":["post-244077","post","type-post","status-publish","format-standard","has-post-thumbnail","hentry","category-meio-ambiente"],"_links":{"self":[{"href":"https:\/\/www.ocorreionews.com.br\/acervo-correio\/index.php?rest_route=\/wp\/v2\/posts\/244077","targetHints":{"allow":["GET"]}}],"collection":[{"href":"https:\/\/www.ocorreionews.com.br\/acervo-correio\/index.php?rest_route=\/wp\/v2\/posts"}],"about":[{"href":"https:\/\/www.ocorreionews.com.br\/acervo-correio\/index.php?rest_route=\/wp\/v2\/types\/post"}],"author":[{"embeddable":true,"href":"https:\/\/www.ocorreionews.com.br\/acervo-correio\/index.php?rest_route=\/wp\/v2\/users\/5"}],"replies":[{"embeddable":true,"href":"https:\/\/www.ocorreionews.com.br\/acervo-correio\/index.php?rest_route=%2Fwp%2Fv2%2Fcomments&post=244077"}],"version-history":[{"count":1,"href":"https:\/\/www.ocorreionews.com.br\/acervo-correio\/index.php?rest_route=\/wp\/v2\/posts\/244077\/revisions"}],"predecessor-version":[{"id":244078,"href":"https:\/\/www.ocorreionews.com.br\/acervo-correio\/index.php?rest_route=\/wp\/v2\/posts\/244077\/revisions\/244078"}],"wp:featuredmedia":[{"embeddable":true,"href":"https:\/\/www.ocorreionews.com.br\/acervo-correio\/index.php?rest_route=\/wp\/v2\/media\/106681"}],"wp:attachment":[{"href":"https:\/\/www.ocorreionews.com.br\/acervo-correio\/index.php?rest_route=%2Fwp%2Fv2%2Fmedia&parent=244077"}],"wp:term":[{"taxonomy":"category","embeddable":true,"href":"https:\/\/www.ocorreionews.com.br\/acervo-correio\/index.php?rest_route=%2Fwp%2Fv2%2Fcategories&post=244077"},{"taxonomy":"post_tag","embeddable":true,"href":"https:\/\/www.ocorreionews.com.br\/acervo-correio\/index.php?rest_route=%2Fwp%2Fv2%2Ftags&post=244077"}],"curies":[{"name":"wp","href":"https:\/\/api.w.org\/{rel}","templated":true}]}}