{"id":244084,"date":"2023-06-30T14:45:53","date_gmt":"2023-06-30T18:45:53","guid":{"rendered":"https:\/\/www.ocorreionews.com.br\/acervo-correio\/?p=244084"},"modified":"2023-06-30T14:45:53","modified_gmt":"2023-06-30T18:45:53","slug":"caminhao-carregado-com-frutas-e-verduras-capota-e-mata-motorista-em-ms","status":"publish","type":"post","link":"https:\/\/www.ocorreionews.com.br\/acervo-correio\/?p=244084","title":{"rendered":"Caminh\u00e3o carregado com frutas e verduras capota e mata motorista em MS"},"content":{"rendered":"<p>A capotagem de um caminh\u00e3o Ford Cargo 2422 matou o motorista Mauro S\u00e9rgio Dezem, de 47 anos, na madrugada desta sexta-feira na MS-395, pr\u00f3ximo ao distrito de Vila Quebracho, em Anauril\u00e2ndia, a 371 km de Campo Grande.<\/p>\n<p>De acordo com o site Cen\u00e1rio MS, o ve\u00edculo estava carregado com frutas e verduras. O motorista \u00e9 natural do munic\u00edpio de Navira\u00ed. Ele havia carregado o ve\u00edculo em Estrela D&#8217;Oeste (SP) e tinha Dourados como destino.<\/p>\n<p>O caminh\u00e3o capotou fora da rodovia e foi parar ao lado da cerca de uma propriedade rural. A carga ficou espalhada e o ve\u00edculo destru\u00eddo. O motorista morreu na hora.<\/p>\n<p>A Pol\u00edcia Civil investiga as causas do acidente.<\/p>\n<p>&nbsp;<\/p>\n<p>Por Gabriel Neris , CAMPO GRANDE NEWS<\/p>\n","protected":false},"excerpt":{"rendered":"<p>A capotagem de um caminh\u00e3o Ford Cargo 2422 matou o motorista Mauro S\u00e9rgio Dezem, de 47 anos, na madrugada desta sexta-feira na MS-395, pr\u00f3ximo ao distrito de Vila Quebracho, em Anauril\u00e2ndia, a 371 km de Campo Grande. De acordo com o site Cen\u00e1rio MS, o ve\u00edculo estava carregado com frutas e verduras. O motorista \u00e9 [&hellip;]<\/p>\n","protected":false},"author":5,"featured_media":244085,"comment_status":"closed","ping_status":"closed","sticky":false,"template":"","format":"standard","meta":{"footnotes":""},"categories":[38],"tags":[],"class_list":["post-244084","post","type-post","status-publish","format-standard","has-post-thumbnail","hentry","category-policia"],"_links":{"self":[{"href":"https:\/\/www.ocorreionews.com.br\/acervo-correio\/index.php?rest_route=\/wp\/v2\/posts\/244084","targetHints":{"allow":["GET"]}}],"collection":[{"href":"https:\/\/www.ocorreionews.com.br\/acervo-correio\/index.php?rest_route=\/wp\/v2\/posts"}],"about":[{"href":"https:\/\/www.ocorreionews.com.br\/acervo-correio\/index.php?rest_route=\/wp\/v2\/types\/post"}],"author":[{"embeddable":true,"href":"https:\/\/www.ocorreionews.com.br\/acervo-correio\/index.php?rest_route=\/wp\/v2\/users\/5"}],"replies":[{"embeddable":true,"href":"https:\/\/www.ocorreionews.com.br\/acervo-correio\/index.php?rest_route=%2Fwp%2Fv2%2Fcomments&post=244084"}],"version-history":[{"count":1,"href":"https:\/\/www.ocorreionews.com.br\/acervo-correio\/index.php?rest_route=\/wp\/v2\/posts\/244084\/revisions"}],"predecessor-version":[{"id":244086,"href":"https:\/\/www.ocorreionews.com.br\/acervo-correio\/index.php?rest_route=\/wp\/v2\/posts\/244084\/revisions\/244086"}],"wp:featuredmedia":[{"embeddable":true,"href":"https:\/\/www.ocorreionews.com.br\/acervo-correio\/index.php?rest_route=\/wp\/v2\/media\/244085"}],"wp:attachment":[{"href":"https:\/\/www.ocorreionews.com.br\/acervo-correio\/index.php?rest_route=%2Fwp%2Fv2%2Fmedia&parent=244084"}],"wp:term":[{"taxonomy":"category","embeddable":true,"href":"https:\/\/www.ocorreionews.com.br\/acervo-correio\/index.php?rest_route=%2Fwp%2Fv2%2Fcategories&post=244084"},{"taxonomy":"post_tag","embeddable":true,"href":"https:\/\/www.ocorreionews.com.br\/acervo-correio\/index.php?rest_route=%2Fwp%2Fv2%2Ftags&post=244084"}],"curies":[{"name":"wp","href":"https:\/\/api.w.org\/{rel}","templated":true}]}}