{"id":244087,"date":"2023-06-30T13:00:59","date_gmt":"2023-06-30T17:00:59","guid":{"rendered":"https:\/\/www.ocorreionews.com.br\/acervo-correio\/?p=244087"},"modified":"2023-06-30T14:53:27","modified_gmt":"2023-06-30T18:53:27","slug":"vizinho-de-38-anos-e-preso-por-estuprar-adolescente-de-13-anos-em-tres-lagoas","status":"publish","type":"post","link":"https:\/\/www.ocorreionews.com.br\/acervo-correio\/?p=244087","title":{"rendered":"Vizinho de 38 anos \u00e9 preso por estuprar adolescente de 13 anos em Tr\u00eas Lagoas"},"content":{"rendered":"<p>Homem de 38 anos foi preso por suspeita de estuprar uma adolescente de 13 anos. O caso aconteceu em Tr\u00eas Lagoas, cidade a 338 quil\u00f4metros de Campo Grande, e foi descoberto ap\u00f3s a irm\u00e3 da v\u00edtima, menina de 15 anos, flagrar o autor saindo de sua casa sem camisa com as cal\u00e7as abaixadas.<\/p>\n<p>Equipe da PM (Pol\u00edcia Militar) foi acionada por volta das 18h50 de quinta-feira (29). No local, a m\u00e3e das adolescentes relatou que a mais velha chegou da escola e viu o vizinho saindo da casa com as cal\u00e7as na altura da coxa e a sua irm\u00e3 apenas de calcinha. O suspeito fugiu pelo muro dos fundos ao perceber a presen\u00e7a da garota.<\/p>\n<p>Os policiais ent\u00e3o foram at\u00e9 a casa do suspeito, a cerca de 50 metros do local, e o encontraram em frente ao port\u00e3o. Ele foi abordado e estava com uma arma de brinquedo na cintura. O homem recebeu voz de pris\u00e3o e foi levado para a Depac (Delegacia de Pronto Atendimento Comunit\u00e1rio) da cidade.<\/p>\n<p>\u00c0 pol\u00edcia, o homem confessou que manteve rela\u00e7\u00f5es sexuais com a menina por 18 meses. O Conselho Tutelar foi acionado. A v\u00edtima foi ouvida e em seguida levada para atendimento m\u00e9dico em unidade de sa\u00fade. O autor ficou preso pelo estupro de vulner\u00e1vel.<\/p>\n<p>&nbsp;<\/p>\n<p>Por Ana Paula Chuva &#8211; CAMPO GRANDE NEWS<\/p>\n","protected":false},"excerpt":{"rendered":"<p>Homem de 38 anos foi preso por suspeita de estuprar uma adolescente de 13 anos. O caso aconteceu em Tr\u00eas Lagoas, cidade a 338 quil\u00f4metros de Campo Grande, e foi descoberto ap\u00f3s a irm\u00e3 da v\u00edtima, menina de 15 anos, flagrar o autor saindo de sua casa sem camisa com as cal\u00e7as abaixadas. Equipe da [&hellip;]<\/p>\n","protected":false},"author":5,"featured_media":241202,"comment_status":"closed","ping_status":"closed","sticky":false,"template":"","format":"standard","meta":{"footnotes":""},"categories":[38],"tags":[],"class_list":["post-244087","post","type-post","status-publish","format-standard","has-post-thumbnail","hentry","category-policia"],"_links":{"self":[{"href":"https:\/\/www.ocorreionews.com.br\/acervo-correio\/index.php?rest_route=\/wp\/v2\/posts\/244087","targetHints":{"allow":["GET"]}}],"collection":[{"href":"https:\/\/www.ocorreionews.com.br\/acervo-correio\/index.php?rest_route=\/wp\/v2\/posts"}],"about":[{"href":"https:\/\/www.ocorreionews.com.br\/acervo-correio\/index.php?rest_route=\/wp\/v2\/types\/post"}],"author":[{"embeddable":true,"href":"https:\/\/www.ocorreionews.com.br\/acervo-correio\/index.php?rest_route=\/wp\/v2\/users\/5"}],"replies":[{"embeddable":true,"href":"https:\/\/www.ocorreionews.com.br\/acervo-correio\/index.php?rest_route=%2Fwp%2Fv2%2Fcomments&post=244087"}],"version-history":[{"count":1,"href":"https:\/\/www.ocorreionews.com.br\/acervo-correio\/index.php?rest_route=\/wp\/v2\/posts\/244087\/revisions"}],"predecessor-version":[{"id":244088,"href":"https:\/\/www.ocorreionews.com.br\/acervo-correio\/index.php?rest_route=\/wp\/v2\/posts\/244087\/revisions\/244088"}],"wp:featuredmedia":[{"embeddable":true,"href":"https:\/\/www.ocorreionews.com.br\/acervo-correio\/index.php?rest_route=\/wp\/v2\/media\/241202"}],"wp:attachment":[{"href":"https:\/\/www.ocorreionews.com.br\/acervo-correio\/index.php?rest_route=%2Fwp%2Fv2%2Fmedia&parent=244087"}],"wp:term":[{"taxonomy":"category","embeddable":true,"href":"https:\/\/www.ocorreionews.com.br\/acervo-correio\/index.php?rest_route=%2Fwp%2Fv2%2Fcategories&post=244087"},{"taxonomy":"post_tag","embeddable":true,"href":"https:\/\/www.ocorreionews.com.br\/acervo-correio\/index.php?rest_route=%2Fwp%2Fv2%2Ftags&post=244087"}],"curies":[{"name":"wp","href":"https:\/\/api.w.org\/{rel}","templated":true}]}}