{"id":244090,"date":"2023-06-30T14:56:47","date_gmt":"2023-06-30T18:56:47","guid":{"rendered":"https:\/\/www.ocorreionews.com.br\/acervo-correio\/?p=244090"},"modified":"2023-06-30T14:56:47","modified_gmt":"2023-06-30T18:56:47","slug":"figueirao-participa-do-1o-encontro-de-educacao-da-regiao-norte","status":"publish","type":"post","link":"https:\/\/www.ocorreionews.com.br\/acervo-correio\/?p=244090","title":{"rendered":"Figueir\u00e3o participa do 1\u00ba encontro de educa\u00e7\u00e3o da regi\u00e3o norte"},"content":{"rendered":"<div class=\"x11i5rnm xat24cr x1mh8g0r x1vvkbs xtlvy1s x126k92a\">\n<div dir=\"auto\">Na tarde do dia 29 de junho, participaram do 1\u00ba Encontro de Educa\u00e7\u00e3o da Regi\u00e3o Norte, promovido pelo SEBRAE\/MS, a Secret\u00e1ria Municipal de Educa\u00e7\u00e3o, Cultura, Esporte e Turismo, Luciane Aimi, a diretora da Escola Municipal, Elenice de F\u00e1tima Cust\u00f3dio, a Presidente da Associa\u00e7\u00e3o Comercial de Figueir\u00e3o, Eliane Alves Cruz e a secret\u00e1ria da Associa\u00e7\u00e3o Fabiana Costa Botelho.<\/div>\n<\/div>\n<div class=\"x11i5rnm xat24cr x1mh8g0r x1vvkbs xtlvy1s x126k92a\">\n<div dir=\"auto\">O Encontro reuni\u00e3o todos os secret\u00e1rios de educa\u00e7\u00e3o da regi\u00e3o Norte. A Regi\u00e3o Norte \u00e9 composta pelos munic\u00edpios de Costa Rica, Figueir\u00e3o, Alcin\u00f3polis, Coxim, Sonora, Rio Verde de Mato Grosso, Camapu\u00e3, S\u00e3o Gabriel do Oeste e Pedro Gomes.<\/div>\n<\/div>\n<div class=\"x11i5rnm xat24cr x1mh8g0r x1vvkbs xtlvy1s x126k92a\">\n<div dir=\"auto\">\u201cA participa\u00e7\u00e3o da Regi\u00e3o Norte em um encontro de educa\u00e7\u00e3o \u00e9 uma \u00f3tima iniciativa, pois permite a troca de experi\u00eancias, o compartilhamento de boas pr\u00e1ticas e a discuss\u00e3o de quest\u00f5es relevantes para o desenvolvimento educacional da regi\u00e3o\u201d, pontuou a Secret\u00e1ria de Educa\u00e7\u00e3o.<\/div>\n<\/div>\n<div class=\"x11i5rnm xat24cr x1mh8g0r x1vvkbs xtlvy1s x126k92a\">\n<div dir=\"auto\">O encontro reuniu educadores, gestores, pesquisadores e outros profissionais da \u00e1rea, proporcionando um espa\u00e7o para reflex\u00e3o, pr\u00e1ticas pedag\u00f3gicas inovadoras, inclus\u00e3o, uso de tecnologias na educa\u00e7\u00e3o, aprendizado e networking.<\/div>\n<\/div>\n<div class=\"x11i5rnm xat24cr x1mh8g0r x1vvkbs xtlvy1s x126k92a\">\n<div dir=\"auto\">O objetivo \u00e9 fortalecer a educa\u00e7\u00e3o na Regi\u00e3o Norte, promovendo a melhoria da qualidade de ensino e a busca por solu\u00e7\u00f5es para os desafios enfrentados.<\/div>\n<div dir=\"auto\"><a class=\"x1i10hfl xjbqb8w x6umtig x1b1mbwd xaqea5y xav7gou x9f619 x1ypdohk xt0psk2 xe8uvvx xdj266r x11i5rnm xat24cr x1mh8g0r xexx8yu x4uap5 x18d9i69 xkhd6sd x16tdsg8 x1hl2dhg xggy1nq x1a2a7pz xt0b8zv x1qq9wsj xo1l8bm\" tabindex=\"0\" role=\"link\" href=\"https:\/\/www.facebook.com\/hashtag\/educa%C3%A7%C3%A3o?__eep__=6&amp;__cft__[0]=AZVLYG5XC8zlbBJWuQeqkiAiU4qEGV-B0wblbREC2TJjZDw3EnZgC2OWgowhPGOAoQfF976dYEXeyIW0AGo4IDn9v2_2fpIDwkVVrWOMbDmLSQfICaSDttxj9kFHAXkEQiFMdyqDPDGa5KXm8p9RimMKQTpRvTRevczU8lso-P0prJ4COHZqxyQ-lDfmiy5hikU&amp;__tn__=*NK-R\">#educa\u00e7\u00e3o<\/a> <a class=\"x1i10hfl xjbqb8w x6umtig x1b1mbwd xaqea5y xav7gou x9f619 x1ypdohk xt0psk2 xe8uvvx xdj266r x11i5rnm xat24cr x1mh8g0r xexx8yu x4uap5 x18d9i69 xkhd6sd x16tdsg8 x1hl2dhg xggy1nq x1a2a7pz xt0b8zv x1qq9wsj xo1l8bm\" tabindex=\"0\" role=\"link\" href=\"https:\/\/www.facebook.com\/hashtag\/encontro?__eep__=6&amp;__cft__[0]=AZVLYG5XC8zlbBJWuQeqkiAiU4qEGV-B0wblbREC2TJjZDw3EnZgC2OWgowhPGOAoQfF976dYEXeyIW0AGo4IDn9v2_2fpIDwkVVrWOMbDmLSQfICaSDttxj9kFHAXkEQiFMdyqDPDGa5KXm8p9RimMKQTpRvTRevczU8lso-P0prJ4COHZqxyQ-lDfmiy5hikU&amp;__tn__=*NK-R\">#encontro<\/a><\/div>\n<\/div>\n<div class=\"x11i5rnm xat24cr x1mh8g0r x1vvkbs xtlvy1s x126k92a\">\n<div dir=\"auto\">Fonte\/Fotos: PMFigueir\u00e3o \u2013 Rubem Vasconcellos<\/div>\n<\/div>\n","protected":false},"excerpt":{"rendered":"<p>Na tarde do dia 29 de junho, participaram do 1\u00ba Encontro de Educa\u00e7\u00e3o da Regi\u00e3o Norte, promovido pelo SEBRAE\/MS, a Secret\u00e1ria Municipal de Educa\u00e7\u00e3o, Cultura, Esporte e Turismo, Luciane Aimi, a diretora da Escola Municipal, Elenice de F\u00e1tima Cust\u00f3dio, a Presidente da Associa\u00e7\u00e3o Comercial de Figueir\u00e3o, Eliane Alves Cruz e a secret\u00e1ria da Associa\u00e7\u00e3o Fabiana [&hellip;]<\/p>\n","protected":false},"author":4,"featured_media":244092,"comment_status":"closed","ping_status":"closed","sticky":false,"template":"","format":"standard","meta":{"footnotes":""},"categories":[30],"tags":[],"class_list":["post-244090","post","type-post","status-publish","format-standard","has-post-thumbnail","hentry","category-figueirao"],"_links":{"self":[{"href":"https:\/\/www.ocorreionews.com.br\/acervo-correio\/index.php?rest_route=\/wp\/v2\/posts\/244090","targetHints":{"allow":["GET"]}}],"collection":[{"href":"https:\/\/www.ocorreionews.com.br\/acervo-correio\/index.php?rest_route=\/wp\/v2\/posts"}],"about":[{"href":"https:\/\/www.ocorreionews.com.br\/acervo-correio\/index.php?rest_route=\/wp\/v2\/types\/post"}],"author":[{"embeddable":true,"href":"https:\/\/www.ocorreionews.com.br\/acervo-correio\/index.php?rest_route=\/wp\/v2\/users\/4"}],"replies":[{"embeddable":true,"href":"https:\/\/www.ocorreionews.com.br\/acervo-correio\/index.php?rest_route=%2Fwp%2Fv2%2Fcomments&post=244090"}],"version-history":[{"count":1,"href":"https:\/\/www.ocorreionews.com.br\/acervo-correio\/index.php?rest_route=\/wp\/v2\/posts\/244090\/revisions"}],"predecessor-version":[{"id":244093,"href":"https:\/\/www.ocorreionews.com.br\/acervo-correio\/index.php?rest_route=\/wp\/v2\/posts\/244090\/revisions\/244093"}],"wp:featuredmedia":[{"embeddable":true,"href":"https:\/\/www.ocorreionews.com.br\/acervo-correio\/index.php?rest_route=\/wp\/v2\/media\/244092"}],"wp:attachment":[{"href":"https:\/\/www.ocorreionews.com.br\/acervo-correio\/index.php?rest_route=%2Fwp%2Fv2%2Fmedia&parent=244090"}],"wp:term":[{"taxonomy":"category","embeddable":true,"href":"https:\/\/www.ocorreionews.com.br\/acervo-correio\/index.php?rest_route=%2Fwp%2Fv2%2Fcategories&post=244090"},{"taxonomy":"post_tag","embeddable":true,"href":"https:\/\/www.ocorreionews.com.br\/acervo-correio\/index.php?rest_route=%2Fwp%2Fv2%2Ftags&post=244090"}],"curies":[{"name":"wp","href":"https:\/\/api.w.org\/{rel}","templated":true}]}}