{"id":244097,"date":"2023-06-30T15:09:25","date_gmt":"2023-06-30T19:09:25","guid":{"rendered":"https:\/\/www.ocorreionews.com.br\/acervo-correio\/?p=244097"},"modified":"2023-06-30T15:09:25","modified_gmt":"2023-06-30T19:09:25","slug":"ha-30-meses-gestao-de-costa-rica-paga-servidores-publicos-municipais-em-dia","status":"publish","type":"post","link":"https:\/\/www.ocorreionews.com.br\/acervo-correio\/?p=244097","title":{"rendered":"H\u00e1 30 meses, gest\u00e3o de Costa Rica paga servidores p\u00fablicos municipais em dia"},"content":{"rendered":"<div class=\"ntc_cont_descricao_noticia sw_txteditor\">A Prefeitura de Costa Rica, atrav\u00e9s da Secretaria de Administra\u00e7\u00e3o, Finan\u00e7as, Planejamento, Receita e Controle, anunciou que todos os servidores p\u00fablicos municipais, j\u00e1 est\u00e3o com seus sal\u00e1rios referente ao m\u00eas de junho\/2023 creditados em suas contas nesta sexta-feira (30). Essa \u00e9 mais uma demonstra\u00e7\u00e3o do compromisso da gest\u00e3o do prefeito, Cleverson Alves dos Santos e do vice-prefeito, Roni Cota, em manter o pagamento dos servidores rigorosamente em dia.<\/p>\n<p>Segundo o prefeito, a gest\u00e3o tem se empenhado em manter o compromisso de efetuar os pagamentos dos servidores p\u00fablicos municipais de Costa Rica rigorosamente em dia. J\u00e1 s\u00e3o 30 meses de regularidade.<\/p>\n<p>&#8220;Sabemos que o sal\u00e1rio \u00e9 fundamental para o sustento e bem-estar de cada servidor e de suas fam\u00edlias. Por isso, trabalhamos incansavelmente para garantir o pagamento dentro do prazo estabelecido. 30 meses n\u00e3o s\u00e3o 30 dias, quem acompanha, sabe!&#8221;, afirmou o prefeito.<\/p>\n<p>De acordo com o secret\u00e1rio de Administra\u00e7\u00e3o, Finan\u00e7as, Planejamento, Receita e Controle, Uriel Carvalho de Oliveira, a gest\u00e3o respons\u00e1vel da Prefeitura de Costa Rica tem como objetivo principal manter as finan\u00e7as municipais em ordem, garantindo a sustentabilidade e o equil\u00edbrio das contas p\u00fablicas.<\/p>\n<p>\u201cUm servidor p\u00fablico que recebe seu sal\u00e1rio em dia se sente mais motivado e engajado em seu trabalho, o que reflete diretamente na qualidade dos servi\u00e7os prestados \u00e0 popula\u00e7\u00e3o. Al\u00e9m disso, h\u00e1 uma inje\u00e7\u00e3o de recursos na economia local, contribuindo para a gera\u00e7\u00e3o de renda e impulsionando o com\u00e9rcio&#8221;, explicou o secret\u00e1rio.\n<\/p><\/div>\n<div class=\"ntc_area_info_noticia sw_lato\">\n<div>\n<div class=\"ntc_info_noticia\"><strong class=\"sw_lato_black\">Fonte: <\/strong>Assessoria de Comunica\u00e7\u00e3o \/ PMCR<\/div>\n<div class=\"ntc_info_noticia\"><strong class=\"sw_lato_black\">Autor: <\/strong>Silvestre de Castro &#8211; Jornalista e Radialist<\/div>\n<\/div>\n<\/div>\n","protected":false},"excerpt":{"rendered":"<p>A Prefeitura de Costa Rica, atrav\u00e9s da Secretaria de Administra\u00e7\u00e3o, Finan\u00e7as, Planejamento, Receita e Controle, anunciou que todos os servidores p\u00fablicos municipais, j\u00e1 est\u00e3o com seus sal\u00e1rios referente ao m\u00eas de junho\/2023 creditados em suas contas nesta sexta-feira (30). Essa \u00e9 mais uma demonstra\u00e7\u00e3o do compromisso da gest\u00e3o do prefeito, Cleverson Alves dos Santos e [&hellip;]<\/p>\n","protected":false},"author":4,"featured_media":244098,"comment_status":"closed","ping_status":"closed","sticky":false,"template":"","format":"standard","meta":{"footnotes":""},"categories":[25],"tags":[],"class_list":["post-244097","post","type-post","status-publish","format-standard","has-post-thumbnail","hentry","category-costa-rica"],"_links":{"self":[{"href":"https:\/\/www.ocorreionews.com.br\/acervo-correio\/index.php?rest_route=\/wp\/v2\/posts\/244097","targetHints":{"allow":["GET"]}}],"collection":[{"href":"https:\/\/www.ocorreionews.com.br\/acervo-correio\/index.php?rest_route=\/wp\/v2\/posts"}],"about":[{"href":"https:\/\/www.ocorreionews.com.br\/acervo-correio\/index.php?rest_route=\/wp\/v2\/types\/post"}],"author":[{"embeddable":true,"href":"https:\/\/www.ocorreionews.com.br\/acervo-correio\/index.php?rest_route=\/wp\/v2\/users\/4"}],"replies":[{"embeddable":true,"href":"https:\/\/www.ocorreionews.com.br\/acervo-correio\/index.php?rest_route=%2Fwp%2Fv2%2Fcomments&post=244097"}],"version-history":[{"count":1,"href":"https:\/\/www.ocorreionews.com.br\/acervo-correio\/index.php?rest_route=\/wp\/v2\/posts\/244097\/revisions"}],"predecessor-version":[{"id":244099,"href":"https:\/\/www.ocorreionews.com.br\/acervo-correio\/index.php?rest_route=\/wp\/v2\/posts\/244097\/revisions\/244099"}],"wp:featuredmedia":[{"embeddable":true,"href":"https:\/\/www.ocorreionews.com.br\/acervo-correio\/index.php?rest_route=\/wp\/v2\/media\/244098"}],"wp:attachment":[{"href":"https:\/\/www.ocorreionews.com.br\/acervo-correio\/index.php?rest_route=%2Fwp%2Fv2%2Fmedia&parent=244097"}],"wp:term":[{"taxonomy":"category","embeddable":true,"href":"https:\/\/www.ocorreionews.com.br\/acervo-correio\/index.php?rest_route=%2Fwp%2Fv2%2Fcategories&post=244097"},{"taxonomy":"post_tag","embeddable":true,"href":"https:\/\/www.ocorreionews.com.br\/acervo-correio\/index.php?rest_route=%2Fwp%2Fv2%2Ftags&post=244097"}],"curies":[{"name":"wp","href":"https:\/\/api.w.org\/{rel}","templated":true}]}}