{"id":244100,"date":"2023-07-01T07:09:38","date_gmt":"2023-07-01T11:09:38","guid":{"rendered":"https:\/\/www.ocorreionews.com.br\/acervo-correio\/?p=244100"},"modified":"2023-06-30T15:24:13","modified_gmt":"2023-06-30T19:24:13","slug":"governo-lanca-chamamento-publico-de-r-46-milhoes-com-foco-na-populacao-em-situacao-de-vulnerabilidade-social","status":"publish","type":"post","link":"https:\/\/www.ocorreionews.com.br\/acervo-correio\/?p=244100","title":{"rendered":"Governo lan\u00e7a chamamento p\u00fablico de R$ 4,6 milh\u00f5es com foco na popula\u00e7\u00e3o em situa\u00e7\u00e3o de vulnerabilidade social"},"content":{"rendered":"<div class=\"entry\">\n<p>Publicado nesta sexta-feira (30) no Di\u00e1rio Oficial do Estado (DOE\/MS) edital de chamamento p\u00fablico da Sead (Secretaria de Estado de Assist\u00eancia Social e dos Direitos Humanos) que disponibilizar\u00e1 R$ 4,6 milh\u00f5es para OSCs (Organiza\u00e7\u00f5es da Sociedade Civil) atuarem na promo\u00e7\u00e3o da melhoria da qualidade de vida da popula\u00e7\u00e3o em situa\u00e7\u00e3o de vulnerabilidade social. O prazo para envio de propostas come\u00e7a na pr\u00f3xima segunda-feira (3).<\/p>\n<p>Ser\u00e3o 72 propostas escolhidas, distribu\u00eddas em 12 eixos de atua\u00e7\u00e3o que contemplam, por exemplo, projetos voltados \u00e0 garantia dos direitos da crian\u00e7a e do adolescente, por meio de oficinas realizadas no contraturno escolar, como a\u00e7\u00f5es complementares \u00e0 escola; projetos direcionados \u00e0s fam\u00edlias de dependentes qu\u00edmicos e propostas que tenham como objetivo projetos que promovam a melhoria na qualidade de vida da pessoa idosa, em organiza\u00e7\u00f5es de longa perman\u00eancia.<\/p>\n<p>Conforme o edital, a proposta dever\u00e1 ser preferencialmente, de car\u00e1ter inovador, privilegiando novas formas de abordagem, execu\u00e7\u00e3o de ideias transformadoras, ado\u00e7\u00e3o de novas ferramentas, metodologias, servi\u00e7os, meios de comunica\u00e7\u00e3o, objetivando melhor efici\u00eancia das a\u00e7\u00f5es propostas.<\/p>\n<p><a href=\"https:\/\/www.spdo.ms.gov.br\/diariodoe\/Index\/Download\/DO11198_30_06_2023\" target=\"_blank\" rel=\"noopener\">Na publica\u00e7\u00e3o do DOE\/MS 11.198 de hoje, a partir da p\u00e1gina 42<\/a>, tamb\u00e9m \u00e9 poss\u00edvel conferir as formas de envio das propostas e todos os detalhes das a\u00e7\u00f5es e programa\u00e7\u00e3o or\u00e7ament\u00e1ria de libera\u00e7\u00e3o dos recursos.<\/p>\n<p>Por meio da Superintend\u00eancia de Apoio as Organiza\u00e7\u00f5es da Sociedade Civil da Sead, informa\u00e7\u00f5es e eventuais d\u00favidas podem ser sanadas pelo telefone (67) 3318-4178.<\/p>\n<p>Vinculada \u00e0 Secretaria Executiva de Direitos Humanos da Sead, a superintend\u00eancia tem como atribui\u00e7\u00f5es prestar servi\u00e7o de assessoria, orienta\u00e7\u00e3o, capacita\u00e7\u00e3o e informa\u00e7\u00e3o, dando suporte de fato e de direito aos munic\u00edpios, aos grupos formais e informais representativos da sociedade civil, fomentando a participa\u00e7\u00e3o nos diversos espa\u00e7os de execu\u00e7\u00e3o e controle social das Pol\u00edticas P\u00fablicas.<\/p>\n<p><a href=\"https:\/\/agenciadenoticias.ms.gov.br\/wp-content\/uploads\/2023\/06\/Cronograma-do-edital.png\"><img loading=\"lazy\" decoding=\"async\" class=\"aligncenter size-full wp-image-441047\" src=\"https:\/\/agenciadenoticias.ms.gov.br\/wp-content\/uploads\/2023\/06\/Cronograma-do-edital.png\" sizes=\"auto, (max-width: 808px) 100vw, 808px\" srcset=\"https:\/\/agenciadenoticias.ms.gov.br\/wp-content\/uploads\/2023\/06\/Cronograma-do-edital.png 808w, https:\/\/agenciadenoticias.ms.gov.br\/wp-content\/uploads\/2023\/06\/Cronograma-do-edital-300x132.png 300w, https:\/\/agenciadenoticias.ms.gov.br\/wp-content\/uploads\/2023\/06\/Cronograma-do-edital-768x337.png 768w, https:\/\/agenciadenoticias.ms.gov.br\/wp-content\/uploads\/2023\/06\/Cronograma-do-edital-350x154.png 350w\" alt=\"\" width=\"808\" height=\"355\" \/><\/a><\/p>\n<p><em>Leomar Alves Rosa, Sead<\/em><\/p>\n<p><em>Foto: \u00c1lvaro Rezende<\/em><\/p>\n<\/div>\n","protected":false},"excerpt":{"rendered":"<p>Publicado nesta sexta-feira (30) no Di\u00e1rio Oficial do Estado (DOE\/MS) edital de chamamento p\u00fablico da Sead (Secretaria de Estado de Assist\u00eancia Social e dos Direitos Humanos) que disponibilizar\u00e1 R$ 4,6 milh\u00f5es para OSCs (Organiza\u00e7\u00f5es da Sociedade Civil) atuarem na promo\u00e7\u00e3o da melhoria da qualidade de vida da popula\u00e7\u00e3o em situa\u00e7\u00e3o de vulnerabilidade social. O prazo [&hellip;]<\/p>\n","protected":false},"author":4,"featured_media":244101,"comment_status":"closed","ping_status":"closed","sticky":false,"template":"","format":"standard","meta":{"footnotes":""},"categories":[37],"tags":[],"class_list":["post-244100","post","type-post","status-publish","format-standard","has-post-thumbnail","hentry","category-politica"],"_links":{"self":[{"href":"https:\/\/www.ocorreionews.com.br\/acervo-correio\/index.php?rest_route=\/wp\/v2\/posts\/244100","targetHints":{"allow":["GET"]}}],"collection":[{"href":"https:\/\/www.ocorreionews.com.br\/acervo-correio\/index.php?rest_route=\/wp\/v2\/posts"}],"about":[{"href":"https:\/\/www.ocorreionews.com.br\/acervo-correio\/index.php?rest_route=\/wp\/v2\/types\/post"}],"author":[{"embeddable":true,"href":"https:\/\/www.ocorreionews.com.br\/acervo-correio\/index.php?rest_route=\/wp\/v2\/users\/4"}],"replies":[{"embeddable":true,"href":"https:\/\/www.ocorreionews.com.br\/acervo-correio\/index.php?rest_route=%2Fwp%2Fv2%2Fcomments&post=244100"}],"version-history":[{"count":1,"href":"https:\/\/www.ocorreionews.com.br\/acervo-correio\/index.php?rest_route=\/wp\/v2\/posts\/244100\/revisions"}],"predecessor-version":[{"id":244104,"href":"https:\/\/www.ocorreionews.com.br\/acervo-correio\/index.php?rest_route=\/wp\/v2\/posts\/244100\/revisions\/244104"}],"wp:featuredmedia":[{"embeddable":true,"href":"https:\/\/www.ocorreionews.com.br\/acervo-correio\/index.php?rest_route=\/wp\/v2\/media\/244101"}],"wp:attachment":[{"href":"https:\/\/www.ocorreionews.com.br\/acervo-correio\/index.php?rest_route=%2Fwp%2Fv2%2Fmedia&parent=244100"}],"wp:term":[{"taxonomy":"category","embeddable":true,"href":"https:\/\/www.ocorreionews.com.br\/acervo-correio\/index.php?rest_route=%2Fwp%2Fv2%2Fcategories&post=244100"},{"taxonomy":"post_tag","embeddable":true,"href":"https:\/\/www.ocorreionews.com.br\/acervo-correio\/index.php?rest_route=%2Fwp%2Fv2%2Ftags&post=244100"}],"curies":[{"name":"wp","href":"https:\/\/api.w.org\/{rel}","templated":true}]}}