{"id":244103,"date":"2023-06-30T16:00:38","date_gmt":"2023-06-30T20:00:38","guid":{"rendered":"https:\/\/www.ocorreionews.com.br\/acervo-correio\/?p=244103"},"modified":"2023-06-30T17:30:04","modified_gmt":"2023-06-30T21:30:04","slug":"sicredi-celeiro-centro-oeste-realiza-posse-do-novo-conselho-de-administracao","status":"publish","type":"post","link":"https:\/\/www.ocorreionews.com.br\/acervo-correio\/?p=244103","title":{"rendered":"Sicredi Celeiro Centro Oeste realiza posse do novo Conselho de Administra\u00e7\u00e3o"},"content":{"rendered":"<div>O novo\u00a0\u00a0Conselho de Administra\u00e7\u00e3o da Cooperativa Sicredi Celeiro Centro Oeste tomou posse na noite desta ter\u00e7a-feira (27), em S\u00e3o Gabriel do Oeste. A cerim\u00f4nia ocorreu na sede da institui\u00e7\u00e3o financeira, onde quatro novos conselheiros foram empossados na fun\u00e7\u00e3o. Conforme deliberado na Assembleia Geral Ordin\u00e1ria de 15 de abril de 2023, a elei\u00e7\u00e3o foi homologada pelo Banco Central do Brasil, para o per\u00edodo 2023-2027, quando ocorrer\u00e1 nova elei\u00e7\u00e3o em assembleia.<\/div>\n<p>A posse marcou a reelei\u00e7\u00e3o do presidente do Conselho, Jaime Antonio Rohr, do vice-presidente, Claudio R\u00e9gis Andrighetto Filho, e dos conselheiros efetivos: Dorvalino Vieira, Evaristo Kohl, Francisco Vicente Razerra, Julio Sanzio Vilela, Lourival Gessi Nunes e Marcos Fernando Galdiano Rodrigues. Andre Bartolomeu Piesanti, Antenor Woehl, Faber Lalucci Pereira de Souza e Luzicler Ruela da Silva foram empossados como novos membros efetivos, nas vagas deixadas por Eugenio Afonso Baraldi, Geraldo Aparecido Brizzante, Gilberto Ant\u00f4nio Mosena, Irma Terezinha Cottica Grisuk e Lourdes Gorgen.<\/p>\n<p>A cerim\u00f4nia teve in\u00edcio com a fala do diretor executivo da cooperativa, Eduardo Duarte Gon\u00e7alves, que destacou as relevantes conquistas do atual Conselho, e a forma s\u00e1bia de lidar com os desafios nos \u00faltimos quatro anos. \u201cA gente vai guardar este conselho em lugar muito carinhoso, pela confian\u00e7a, pelo trabalho e por torcer junto e acreditar na equipe. Falo em nome dos nossos 600 colaboradores, que a confian\u00e7a no conselho sempre foi inabal\u00e1vel, pois acreditamos naquilo que voc\u00eas determinam. \u00c9 momento de agradecer mesmo aos conselheiros que saem do exerc\u00edcio, mas que n\u00e3o saem da vigil\u00e2ncia e do nosso dia a dia\u201d, comentou.<\/p>\n<p>Em seguida, o diretor de opera\u00e7\u00f5es, Sergio Aparecido da Silva Coelho, enalteceu a assertividade do conselho e abordou o lado humano dos membros. \u201cEu acredito que a cooperativa, a sua ess\u00eancia, a sua raz\u00e3o de ser \u00e9 contribuir sim com a melhoria, qualidade de vida do associado e com a comunidade onde est\u00e1 inserida. Nos emociona falar e fazer parte de uma institui\u00e7\u00e3o t\u00e3o bonita e t\u00e3o bacana como esta, que tanto faz pela comunidade. De cora\u00e7\u00e3o, muito obrigado por todos que participaram deste conselho 2019-2023, e pela contribui\u00e7\u00e3o de voc\u00eas\u201d, complementou.<\/p>\n<p>A noite marcou ainda a despedida e uma homenagem &#8211; feita pelo presidente e vice-presidente da institui\u00e7\u00e3o &#8211; aos cinco\u00a0conselheiros que deixam o cargo e as boas-vindas aos novos membros. \u201cEstamos encerrando um ciclo que foi al\u00e9m do Sicredi, onde constru\u00edmos uma amizade, constru\u00edmos um relacionamento, onde fomos imparciais, profissionais e conseguimos conquistar tudo que a cooperativa e nossas comunidades merecem.\u00a0 Aos que est\u00e3o saindo, um at\u00e9 breve, porque n\u00e3o \u00e9 uma despedida, e aos que est\u00e3o chegando, sejam bem-vindos, e que possamos continuar com o crescimento e desenvolvimento da nossa cooperativa\u201d, disse o vice-presidente, R\u00e9gis Andrighetto.<\/p>\n<p>J\u00e1 o presidente reeleito relembrou os per\u00edodos de desafios e o quanto a uni\u00e3o faz a diferen\u00e7a na Cooperativa. \u201cNosso objetivo desde que assumimos a Cooperativa, sempre foi a uni\u00e3o das pessoas. Se acertamos, n\u00e3o \u00e9 uma pessoa individual, e se erramos, compartilhamos os erros tamb\u00e9m. Hoje a cooperativa \u00e9 o que \u00e9 pela uni\u00e3o do conselho, dos colaboradores e dos nossos associados. Tenho certeza de que o trabalho que fizeram foi com muito amor e carinho, visando o bem comum de todos.\u00a0 Meu agradecimento e um at\u00e9 breve aos que saem, e aos novos, as boas-vindas e o desejo de continuarmos este trabalho, com toda transpar\u00eancia e parceria\u201d, finalizou Jaime Antonio Rohr. Em seguida, o presidente realizou a posse oficial dos novos membros.<\/p>\n<p>Todos os que deixam o mandato receberam uma lembran\u00e7a como forma de gratid\u00e3o pelo tempo que dedicaram \u00e0 Sicredi Celeiro Centro Oeste.\u00a0Gilberto Ant\u00f4nio Mosena, por exemplo, deixa um legado de mais de 10 anos como conselheiro efetivo e relembra com emo\u00e7\u00e3o a experi\u00eancia. \u201cQuando assumimos, a cooperativa estava com dificuldades e conseguimos alavancar. Foram quase onze anos de aprendizado e amizade. Eu aprendi mais do que ensinei, s\u00f3 deixo coisas boas, vou ficar com muitas saudades. Eram cerca de 50 colaboradores quando entrei e saio com mais de 600 e v\u00e1rias ag\u00eancias novas. S\u00f3 tenho a agradecer aos amigos, aos colaboradores e aos nossos associados\u201d, comentou. Gilberto ainda deixou uma mensagem aos novos integrantes. \u201cO segredo \u00e9 trabalhar com o cora\u00e7\u00e3o, abdicar de algumas coisas, para participar efetivamente das reuni\u00f5es. Em dez anos, acredito que estive presente em todas as reuni\u00f5es\u201d, concluiu.<\/p>\n<p>O mandato do novo Conselho Administrativo segue at\u00e9 2027, quando ocorrem novas elei\u00e7\u00f5es durante as Assembleias. A cerim\u00f4nia de posse contou com a presen\u00e7a dos conselheiros fiscais:\u00a0Hernando Belafonte, Jones Roberto Galeazzi, Fabio Renato de Limar Carlos, Luiz Aparecido Melo, Nilo Alves Ferraz e Sergio Luiz Alves.<\/p>\n<p>&nbsp;<\/p>\n<p><em>Sobre o Sicredi\u00a0\u00a0<\/em><\/p>\n<p><em>O Sicredi \u00e9 uma institui\u00e7\u00e3o financeira cooperativa comprometida com o crescimento de seus associados e com o desenvolvimento das regi\u00f5es onde atua. Possui um modelo de gest\u00e3o que valoriza a participa\u00e7\u00e3o dos mais de 6 milh\u00f5es de associados, que exercem o papel de donos do neg\u00f3cio. Com mais de 2.400 ag\u00eancias, o Sicredi est\u00e1 presente fisicamente em todos os estados brasileiros e no Distrito Federal, disponibilizando mais de 300 produtos e servi\u00e7os financeiros.<\/em><\/p>\n","protected":false},"excerpt":{"rendered":"<p>O novo\u00a0\u00a0Conselho de Administra\u00e7\u00e3o da Cooperativa Sicredi Celeiro Centro Oeste tomou posse na noite desta ter\u00e7a-feira (27), em S\u00e3o Gabriel do Oeste. A cerim\u00f4nia ocorreu na sede da institui\u00e7\u00e3o financeira, onde quatro novos conselheiros foram empossados na fun\u00e7\u00e3o. Conforme deliberado na Assembleia Geral Ordin\u00e1ria de 15 de abril de 2023, a elei\u00e7\u00e3o foi homologada pelo [&hellip;]<\/p>\n","protected":false},"author":4,"featured_media":244105,"comment_status":"closed","ping_status":"closed","sticky":false,"template":"","format":"standard","meta":{"footnotes":""},"categories":[23,41],"tags":[],"class_list":["post-244103","post","type-post","status-publish","format-standard","has-post-thumbnail","hentry","category-chapadao-do-sul","category-destaque"],"_links":{"self":[{"href":"https:\/\/www.ocorreionews.com.br\/acervo-correio\/index.php?rest_route=\/wp\/v2\/posts\/244103","targetHints":{"allow":["GET"]}}],"collection":[{"href":"https:\/\/www.ocorreionews.com.br\/acervo-correio\/index.php?rest_route=\/wp\/v2\/posts"}],"about":[{"href":"https:\/\/www.ocorreionews.com.br\/acervo-correio\/index.php?rest_route=\/wp\/v2\/types\/post"}],"author":[{"embeddable":true,"href":"https:\/\/www.ocorreionews.com.br\/acervo-correio\/index.php?rest_route=\/wp\/v2\/users\/4"}],"replies":[{"embeddable":true,"href":"https:\/\/www.ocorreionews.com.br\/acervo-correio\/index.php?rest_route=%2Fwp%2Fv2%2Fcomments&post=244103"}],"version-history":[{"count":1,"href":"https:\/\/www.ocorreionews.com.br\/acervo-correio\/index.php?rest_route=\/wp\/v2\/posts\/244103\/revisions"}],"predecessor-version":[{"id":244106,"href":"https:\/\/www.ocorreionews.com.br\/acervo-correio\/index.php?rest_route=\/wp\/v2\/posts\/244103\/revisions\/244106"}],"wp:featuredmedia":[{"embeddable":true,"href":"https:\/\/www.ocorreionews.com.br\/acervo-correio\/index.php?rest_route=\/wp\/v2\/media\/244105"}],"wp:attachment":[{"href":"https:\/\/www.ocorreionews.com.br\/acervo-correio\/index.php?rest_route=%2Fwp%2Fv2%2Fmedia&parent=244103"}],"wp:term":[{"taxonomy":"category","embeddable":true,"href":"https:\/\/www.ocorreionews.com.br\/acervo-correio\/index.php?rest_route=%2Fwp%2Fv2%2Fcategories&post=244103"},{"taxonomy":"post_tag","embeddable":true,"href":"https:\/\/www.ocorreionews.com.br\/acervo-correio\/index.php?rest_route=%2Fwp%2Fv2%2Ftags&post=244103"}],"curies":[{"name":"wp","href":"https:\/\/api.w.org\/{rel}","templated":true}]}}