{"id":244123,"date":"2023-07-01T08:14:07","date_gmt":"2023-07-01T12:14:07","guid":{"rendered":"https:\/\/www.ocorreionews.com.br\/acervo-correio\/?p=244123"},"modified":"2023-07-01T08:14:07","modified_gmt":"2023-07-01T12:14:07","slug":"seca-nos-eua-ameaca-colheita-no-cinturao-agricola","status":"publish","type":"post","link":"https:\/\/www.ocorreionews.com.br\/acervo-correio\/?p=244123","title":{"rendered":"Seca nos EUA amea\u00e7a colheita no cintur\u00e3o agr\u00edcola"},"content":{"rendered":"<p>Quando os custos dos alimentos come\u00e7aram a mostrar sinais de al\u00edvio, depois da disparada de pre\u00e7os com a pandemia e a invas\u00e3o da Ucr\u00e2nia pela R\u00fassia, um novo fator amea\u00e7a uma alta nos valores: a <strong><a href=\"https:\/\/www.canalrural.com.br\/tag\/seca\/\">seca no Meio-Oeste dos Estados Unidos, cintur\u00e3o agr\u00edcola do pa\u00eds<\/a><\/strong>.<\/p>\n<p>A infla\u00e7\u00e3o dos alimentos no pa\u00eds havia diminu\u00eddo nos \u00faltimos meses \u00e0 medida que os pre\u00e7os dos gr\u00e3os ca\u00edam.<\/p>\n<p>No in\u00edcio de junho, por\u00e9m, o temor de colheitas prejudicadas pela seca e campos abandonados come\u00e7ou a elevar os pre\u00e7os das mat\u00e9rias primas usadas nos alimentos.<\/p>\n<p>No entanto, chuvas esparsas nos \u00faltimos dias trouxeram esperan\u00e7a para as colheitas, moderando os aumentos de pre\u00e7os.<\/p>\n<p>De acordo com o Monitor de Seca dos EUA, <strong>quase um ter\u00e7o das Grandes Plan\u00edcies e quase dois ter\u00e7os do Centro-Oeste enfrentam pelo menos uma seca moderada<\/strong>.<\/p>\n<p>As secas extremas ou excepcionais t\u00eam prejudicado o solo nos estados de<strong> Kansas, Nebraska, Oklahoma, Texas e Missouri<\/strong>.<\/p>\n<p>O medo \u00e9 que ocorra uma seca como em 2012, que fez os pre\u00e7os dos gr\u00e3os disparassem.<\/p>\n<p>\u201cAs pr\u00f3ximas tr\u00eas ou quatro semanas ser\u00e3o cruciais\u201d, disse a co-fundadora da Consus, empresa de consultoria para agricultores, Angie Setzer.<\/p>\n<h2>Consequ\u00eancias da seca<\/h2>\n<p>Os pre\u00e7os de uma grande variedade de culturas agr\u00edcolas atingiram n\u00edveis pr\u00f3ximos de recordes ap\u00f3s a invas\u00e3o da Ucr\u00e2nia pela R\u00fassia, uns dos principais exportadores de gr\u00e3os.<\/p>\n<p>O conflito alimentou a infla\u00e7\u00e3o e amea\u00e7ou o abastecimento de alimentos em pa\u00edses de baixa renda, at\u00e9 a <strong>Organiza\u00e7\u00e3o das Na\u00e7\u00f5es Unidas (ONU)<\/strong> intermediar um acordo para que os gr\u00e3os passassem pelo Mar Negro.<\/p>\n<p>Subsequentemente, os pre\u00e7os recuaram, mas os mercados de commodities entraram em um novo per\u00edodo de incerteza com o acordo prestes a expirar em julho \u2013 exatamente quando o clima mais quente e seco tende a atingir as fazendas americanas.<\/p>\n<p>Nas negocia\u00e7\u00f5es da <strong>Bolsa de Chicago<\/strong>, os contratos para futuras entregas de trigo vermelho macio aumentaram mais de 11% desde o in\u00edcio de junho.<\/p>\n<p>Os pre\u00e7os da aveia subiram 8,5% no mesmo per\u00edodo. O \u00f3leo de soja, usado para fritar e assar, al\u00e9m de ser um combust\u00edvel de baixo carbono para caminh\u00f5es, subiu 32%.<\/p>\n<p>O milho caiu cerca de 4,5%, depois que chuvas recentes reverteram uma forte alta no in\u00edcio de junho.<\/p>\n<p>Canal rural -Por Estad\u00e3o Conte\u00fado<\/p>\n","protected":false},"excerpt":{"rendered":"<p>Quando os custos dos alimentos come\u00e7aram a mostrar sinais de al\u00edvio, depois da disparada de pre\u00e7os com a pandemia e a invas\u00e3o da Ucr\u00e2nia pela R\u00fassia, um novo fator amea\u00e7a uma alta nos valores: a seca no Meio-Oeste dos Estados Unidos, cintur\u00e3o agr\u00edcola do pa\u00eds. A infla\u00e7\u00e3o dos alimentos no pa\u00eds havia diminu\u00eddo nos \u00faltimos [&hellip;]<\/p>\n","protected":false},"author":4,"featured_media":195128,"comment_status":"closed","ping_status":"closed","sticky":false,"template":"","format":"standard","meta":{"footnotes":""},"categories":[17],"tags":[],"class_list":["post-244123","post","type-post","status-publish","format-standard","has-post-thumbnail","hentry","category-agropecuaria"],"_links":{"self":[{"href":"https:\/\/www.ocorreionews.com.br\/acervo-correio\/index.php?rest_route=\/wp\/v2\/posts\/244123","targetHints":{"allow":["GET"]}}],"collection":[{"href":"https:\/\/www.ocorreionews.com.br\/acervo-correio\/index.php?rest_route=\/wp\/v2\/posts"}],"about":[{"href":"https:\/\/www.ocorreionews.com.br\/acervo-correio\/index.php?rest_route=\/wp\/v2\/types\/post"}],"author":[{"embeddable":true,"href":"https:\/\/www.ocorreionews.com.br\/acervo-correio\/index.php?rest_route=\/wp\/v2\/users\/4"}],"replies":[{"embeddable":true,"href":"https:\/\/www.ocorreionews.com.br\/acervo-correio\/index.php?rest_route=%2Fwp%2Fv2%2Fcomments&post=244123"}],"version-history":[{"count":1,"href":"https:\/\/www.ocorreionews.com.br\/acervo-correio\/index.php?rest_route=\/wp\/v2\/posts\/244123\/revisions"}],"predecessor-version":[{"id":244128,"href":"https:\/\/www.ocorreionews.com.br\/acervo-correio\/index.php?rest_route=\/wp\/v2\/posts\/244123\/revisions\/244128"}],"wp:featuredmedia":[{"embeddable":true,"href":"https:\/\/www.ocorreionews.com.br\/acervo-correio\/index.php?rest_route=\/wp\/v2\/media\/195128"}],"wp:attachment":[{"href":"https:\/\/www.ocorreionews.com.br\/acervo-correio\/index.php?rest_route=%2Fwp%2Fv2%2Fmedia&parent=244123"}],"wp:term":[{"taxonomy":"category","embeddable":true,"href":"https:\/\/www.ocorreionews.com.br\/acervo-correio\/index.php?rest_route=%2Fwp%2Fv2%2Fcategories&post=244123"},{"taxonomy":"post_tag","embeddable":true,"href":"https:\/\/www.ocorreionews.com.br\/acervo-correio\/index.php?rest_route=%2Fwp%2Fv2%2Ftags&post=244123"}],"curies":[{"name":"wp","href":"https:\/\/api.w.org\/{rel}","templated":true}]}}