{"id":244124,"date":"2023-07-01T08:12:45","date_gmt":"2023-07-01T12:12:45","guid":{"rendered":"https:\/\/www.ocorreionews.com.br\/acervo-correio\/?p=244124"},"modified":"2023-07-01T08:12:45","modified_gmt":"2023-07-01T12:12:45","slug":"realizado-o-encontro-de-gestantes-de-junho-do-projeto-bem-nascer-de-figueirao","status":"publish","type":"post","link":"https:\/\/www.ocorreionews.com.br\/acervo-correio\/?p=244124","title":{"rendered":"Realizado o encontro de gestantes de junho do projeto bem nascer de Figueir\u00e3o"},"content":{"rendered":"<p>Foi realizado ontem sexta-feira (30\/6), o \u201cEncontro de Gestantes do Projeto Bem Nascer\u201d do m\u00eas de junho, no audit\u00f3rio da Prefeitura Municipal, com a participa\u00e7\u00e3o da madrinha do projeto em Figueir\u00e3o, primeira-dama Elenir Pereira da Silva e do prefeito Juvenal Consolaro.<\/p>\n<p>A Coordenadora Municipal do Projeto Bem Nascer, Assistente Social Olegna Andrea, juntamente com a Madrinha do Projeto no munic\u00edpio, primeira-dama Elenir Pereira, promovem reuni\u00f5es mensais com as gestantes, com palestras explicativas e distribui\u00e7\u00e3o de brindes e oferecimento de caf\u00e9 da manh\u00e3.<\/p>\n<p>O Bem Nascer \u00e9 uma iniciativa da Secretaria Estadual de Sa\u00fade, que visa reduzir a mortalidade materna e infantil no Estado, que surgiu para evitar a morte de mulheres gr\u00e1vidas ou no p\u00f3s-parto, bem como dos beb\u00eas rec\u00e9m-nascidos. realizado atrav\u00e9s de um pacto estadual que conta com o apoio e comprometimento dos Munic\u00edpios para redu\u00e7\u00e3o da mortalidade materna e infantil no Estado.<\/p>\n<p>No encontro de hoje foi realizada uma palestra acerca do tema \u201cPsicologia da gravidez e do puerp\u00e9rio\u201d, que aborda os cuidados psicol\u00f3gicos que acompanham a gravidez, proferida pelo Psic\u00f3logo Dr. Sandro Ramos.<\/p>\n<p>Registradas as presen\u00e7as do prefeito municipal, Juvenal Consolaro, primeira-dama Elenir Pereira, secret\u00e1rio de Sa\u00fade Pedro Ubiali, diretora da UBS Aparecida Roseli, nutricionista Kaio Queiroz,\u00a0 enfermeira Leila Egea,\u00a0 nutricionista Viviane Leiko Shiki, Agentes Comunit\u00e1rias de Sa\u00fade e da maioria das gestantes acompanhadas pelo projeto em Figueir\u00e3o.<\/p>\n<p>#sa\u00fade #bemnascer #gestantes<\/p>\n<p>Fonte\/Fotos: PMFigueir\u00e3o \u2013 Rubem Vasconcellos<\/p>\n","protected":false},"excerpt":{"rendered":"<p>Foi realizado ontem sexta-feira (30\/6), o \u201cEncontro de Gestantes do Projeto Bem Nascer\u201d do m\u00eas de junho, no audit\u00f3rio da Prefeitura Municipal, com a participa\u00e7\u00e3o da madrinha do projeto em Figueir\u00e3o, primeira-dama Elenir Pereira da Silva e do prefeito Juvenal Consolaro. A Coordenadora Municipal do Projeto Bem Nascer, Assistente Social Olegna Andrea, juntamente com a [&hellip;]<\/p>\n","protected":false},"author":4,"featured_media":244125,"comment_status":"closed","ping_status":"closed","sticky":false,"template":"","format":"standard","meta":{"footnotes":""},"categories":[30],"tags":[],"class_list":["post-244124","post","type-post","status-publish","format-standard","has-post-thumbnail","hentry","category-figueirao"],"_links":{"self":[{"href":"https:\/\/www.ocorreionews.com.br\/acervo-correio\/index.php?rest_route=\/wp\/v2\/posts\/244124","targetHints":{"allow":["GET"]}}],"collection":[{"href":"https:\/\/www.ocorreionews.com.br\/acervo-correio\/index.php?rest_route=\/wp\/v2\/posts"}],"about":[{"href":"https:\/\/www.ocorreionews.com.br\/acervo-correio\/index.php?rest_route=\/wp\/v2\/types\/post"}],"author":[{"embeddable":true,"href":"https:\/\/www.ocorreionews.com.br\/acervo-correio\/index.php?rest_route=\/wp\/v2\/users\/4"}],"replies":[{"embeddable":true,"href":"https:\/\/www.ocorreionews.com.br\/acervo-correio\/index.php?rest_route=%2Fwp%2Fv2%2Fcomments&post=244124"}],"version-history":[{"count":2,"href":"https:\/\/www.ocorreionews.com.br\/acervo-correio\/index.php?rest_route=\/wp\/v2\/posts\/244124\/revisions"}],"predecessor-version":[{"id":244127,"href":"https:\/\/www.ocorreionews.com.br\/acervo-correio\/index.php?rest_route=\/wp\/v2\/posts\/244124\/revisions\/244127"}],"wp:featuredmedia":[{"embeddable":true,"href":"https:\/\/www.ocorreionews.com.br\/acervo-correio\/index.php?rest_route=\/wp\/v2\/media\/244125"}],"wp:attachment":[{"href":"https:\/\/www.ocorreionews.com.br\/acervo-correio\/index.php?rest_route=%2Fwp%2Fv2%2Fmedia&parent=244124"}],"wp:term":[{"taxonomy":"category","embeddable":true,"href":"https:\/\/www.ocorreionews.com.br\/acervo-correio\/index.php?rest_route=%2Fwp%2Fv2%2Fcategories&post=244124"},{"taxonomy":"post_tag","embeddable":true,"href":"https:\/\/www.ocorreionews.com.br\/acervo-correio\/index.php?rest_route=%2Fwp%2Fv2%2Ftags&post=244124"}],"curies":[{"name":"wp","href":"https:\/\/api.w.org\/{rel}","templated":true}]}}