{"id":244129,"date":"2023-07-01T08:21:27","date_gmt":"2023-07-01T12:21:27","guid":{"rendered":"https:\/\/www.ocorreionews.com.br\/acervo-correio\/?p=244129"},"modified":"2023-07-01T08:21:27","modified_gmt":"2023-07-01T12:21:27","slug":"apos-quase-80-anos-juntos-idosos-centenarios-morrem-no-mesmo-dia","status":"publish","type":"post","link":"https:\/\/www.ocorreionews.com.br\/acervo-correio\/?p=244129","title":{"rendered":"Ap\u00f3s quase 80 anos juntos, idosos centen\u00e1rios morrem no mesmo dia"},"content":{"rendered":"<p>&#8220;At\u00e9 que a morte os separe&#8221; \u00e9 a frase que costuma selar cerim\u00f4nias de casamento. E assim como est\u00e1 nos votos,\u00a0s\u00f3 a morte separou o casal de idosos Mam\u00e9dio Alves Magalh\u00e3es e Ana Ara\u00fajo Magalh\u00e3es, moradores de Paran\u00e3, na regi\u00e3o sul do Tocantins. A hist\u00f3ria de amor que impressiona, fica ainda mais bonita com a idade deles: ele tinha 105 anos e ela, 100 anos. O casal morreu na manh\u00e3 desta sexta-feira (30), com uma diferen\u00e7a de apenas quatro horas.<\/p>\n<p>Desde que se casaram, em 1945, h\u00e1 78 anos, dona Ana e seu Mam\u00e9dio viveram sempre unidos e como contou a sobrinha-neta que cuidava deles, Ediana Quirino Magalh\u00e3es, de 38 anos.<\/p>\n<p>\u201cH\u00e1 cinco dias ele ainda estava bem e ela tinha tido uma pneumonia forte, e n\u00e3o tinha muito o que fazer. A partir daquele momento ele n\u00e3o quis mais se alimentar direito. A gente dava os rem\u00e9dios ele segurava na boca. Isso porque ela estava internada e ele viu ela indo\u201d., relembrou a sobrinha-neta.<\/p>\n<div class=\"dn_imagemComLegenda iclDireita\"><img decoding=\"async\" src=\"https:\/\/cdn.jd1noticias.com\/upload\/dn_arquivo\/2023\/06\/f_2.jpg\" alt=\"\" \/><\/div>\n<p>Ediana disse que depois de ver a amada sendo internada e voltar para casa bem debilitada, ele come\u00e7ou a definhar por n\u00e3o querer se alimentar. Para que o idoso melhorasse, dona Ana saiu da interna\u00e7\u00e3o. Mas na quinta-feira (29), quem precisou ir para o hospital foi seu Mem\u00e9dio.<\/p>\n<p>As \u00faltimas horas de vida do casal centen\u00e1rio tiveram que ser separadas, j\u00e1 que seu Mem\u00e9dio morreu no hospital e Ana em casa. Mas eles partiram no mesmo dia. A diferen\u00e7a entre as mortes foi de cerca de quatro horas, segundo a fam\u00edlia.<\/p>\n<p>\u201cComo com minha av\u00f3 n\u00e3o tinha o que fazer, trouxemos para ficar perto dele. Ele viu o estado dela, ela s\u00f3 piscava e abria a boca. Quando foi ontem [quinta-feira] a gente levou ele para o hospital e o doutor preferiu que ele ficasse para tomar medica\u00e7\u00e3o. Na sexta-feira, umas 4h, a gente recebeu a liga\u00e7\u00e3o para correr atr\u00e1s de tudo. Quando foi por volta de 8h, as pessoas que estavam me auxiliando foram dar um banho nela e a\u00ed ela \u2018foi\u2019 depois desse banho\u201d, disse Ediana.<\/p>\n<div class=\"dn_imagemComLegenda iclEsquerda\"><img decoding=\"async\" src=\"https:\/\/cdn.jd1noticias.com\/upload\/dn_arquivo\/2023\/06\/e.jpg\" alt=\"\" \/><\/div>\n<p>Sobre os \u00faltimos meses do casal centen\u00e1rio, apesar dos problemas de sa\u00fade, eles sempre se preocupavam um com o outro. \u201cEle tinha 105 anos, mas ainda falava. Estava l\u00facido, l\u00facido. Ela j\u00e1 n\u00e3o era t\u00e3o l\u00facida, mas acalmava s\u00f3 quando a gente falava Mam\u00e9dio. Quando era meio dia, ela perguntava se a gente tinha dado comida ao Mam\u00e9dio. Ela n\u00e3o lembrava o nome de mais ningu\u00e9m, s\u00f3 o dele\u201d, afirmou.<\/p>\n<p>Como n\u00e3o tiveram filhos, era sempre um com o outro. Mas Ediana contou que eles ajudaram na cria\u00e7\u00e3o de muitas crian\u00e7as da cidade de da zona rural. \u201cEles criaram muitos, porque naquela \u00e9poca n\u00e3o tinha muito onde estudar e ela gostava muito de leitura. Ent\u00e3o os pais deixaram [os filhos] com eles. E eu fui uma delas\u201d, disse, relembrando a inf\u00e2ncia ao lado de Mam\u00e9dio e Ana, que ela carinhosamente chamava de av\u00f3s.<\/p>\n<p>E vel\u00f3rio do casal centen\u00e1rio aconteceu durante esta sexta-feira (30), na fazenda deles, localizada na zona rural de Paran\u00e3. Esse era um desejo de seu Mam\u00e9dio, que foi atendido pela fam\u00edlia. O enterro tamb\u00e9m foi na mesma propriedade e est\u00e1 marcado para as 7h30 deste s\u00e1bado (1\u00ba).<\/p>\n<p><strong>Brenda Leitte<\/strong> JD1 noticias<\/p>\n","protected":false},"excerpt":{"rendered":"<p>&#8220;At\u00e9 que a morte os separe&#8221; \u00e9 a frase que costuma selar cerim\u00f4nias de casamento. E assim como est\u00e1 nos votos,\u00a0s\u00f3 a morte separou o casal de idosos Mam\u00e9dio Alves Magalh\u00e3es e Ana Ara\u00fajo Magalh\u00e3es, moradores de Paran\u00e3, na regi\u00e3o sul do Tocantins. A hist\u00f3ria de amor que impressiona, fica ainda mais bonita com a [&hellip;]<\/p>\n","protected":false},"author":4,"featured_media":244130,"comment_status":"closed","ping_status":"closed","sticky":false,"template":"","format":"standard","meta":{"footnotes":""},"categories":[31],"tags":[],"class_list":["post-244129","post","type-post","status-publish","format-standard","has-post-thumbnail","hentry","category-geral"],"_links":{"self":[{"href":"https:\/\/www.ocorreionews.com.br\/acervo-correio\/index.php?rest_route=\/wp\/v2\/posts\/244129","targetHints":{"allow":["GET"]}}],"collection":[{"href":"https:\/\/www.ocorreionews.com.br\/acervo-correio\/index.php?rest_route=\/wp\/v2\/posts"}],"about":[{"href":"https:\/\/www.ocorreionews.com.br\/acervo-correio\/index.php?rest_route=\/wp\/v2\/types\/post"}],"author":[{"embeddable":true,"href":"https:\/\/www.ocorreionews.com.br\/acervo-correio\/index.php?rest_route=\/wp\/v2\/users\/4"}],"replies":[{"embeddable":true,"href":"https:\/\/www.ocorreionews.com.br\/acervo-correio\/index.php?rest_route=%2Fwp%2Fv2%2Fcomments&post=244129"}],"version-history":[{"count":1,"href":"https:\/\/www.ocorreionews.com.br\/acervo-correio\/index.php?rest_route=\/wp\/v2\/posts\/244129\/revisions"}],"predecessor-version":[{"id":244131,"href":"https:\/\/www.ocorreionews.com.br\/acervo-correio\/index.php?rest_route=\/wp\/v2\/posts\/244129\/revisions\/244131"}],"wp:featuredmedia":[{"embeddable":true,"href":"https:\/\/www.ocorreionews.com.br\/acervo-correio\/index.php?rest_route=\/wp\/v2\/media\/244130"}],"wp:attachment":[{"href":"https:\/\/www.ocorreionews.com.br\/acervo-correio\/index.php?rest_route=%2Fwp%2Fv2%2Fmedia&parent=244129"}],"wp:term":[{"taxonomy":"category","embeddable":true,"href":"https:\/\/www.ocorreionews.com.br\/acervo-correio\/index.php?rest_route=%2Fwp%2Fv2%2Fcategories&post=244129"},{"taxonomy":"post_tag","embeddable":true,"href":"https:\/\/www.ocorreionews.com.br\/acervo-correio\/index.php?rest_route=%2Fwp%2Fv2%2Ftags&post=244129"}],"curies":[{"name":"wp","href":"https:\/\/api.w.org\/{rel}","templated":true}]}}