{"id":244132,"date":"2023-07-01T08:29:53","date_gmt":"2023-07-01T12:29:53","guid":{"rendered":"https:\/\/www.ocorreionews.com.br\/acervo-correio\/?p=244132"},"modified":"2023-07-01T08:29:53","modified_gmt":"2023-07-01T12:29:53","slug":"costa-rica-participa-do-encontro-regional-para-discutir-planejamento-do-governo-na-regiao-norte-de-ms","status":"publish","type":"post","link":"https:\/\/www.ocorreionews.com.br\/acervo-correio\/?p=244132","title":{"rendered":"Costa Rica participa do encontro regional para discutir planejamento do governo na Regi\u00e3o Norte de MS"},"content":{"rendered":"<div class=\"ntc_cont_descricao_noticia sw_txteditor\">O\u00a0 vice-prefeito de Costa Rica, Roni Cota e o procurador geral do munic\u00edpio, Rogerio do Carmo Soto Coelho participaram do encontro regional em Coxim, na Escola Estadual Padre Nunes que discutiu o planejamento do Governo do Estado na Regi\u00e3o Norte de MS.<br \/>\n<img loading=\"lazy\" decoding=\"async\" class=\"alignnone size-full wp-image-244134\" src=\"https:\/\/www.ocorreionews.com.br\/acervo-correio\/wp-content\/uploads\/2023\/07\/vice-roni2.jpg\" alt=\"\" width=\"800\" height=\"600\" srcset=\"https:\/\/www.ocorreionews.com.br\/acervo-correio\/wp-content\/uploads\/2023\/07\/vice-roni2.jpg 800w, https:\/\/www.ocorreionews.com.br\/acervo-correio\/wp-content\/uploads\/2023\/07\/vice-roni2-300x225.jpg 300w, https:\/\/www.ocorreionews.com.br\/acervo-correio\/wp-content\/uploads\/2023\/07\/vice-roni2-768x576.jpg 768w, https:\/\/www.ocorreionews.com.br\/acervo-correio\/wp-content\/uploads\/2023\/07\/vice-roni2-86x64.jpg 86w\" sizes=\"auto, (max-width: 800px) 100vw, 800px\" \/><br \/>\nNa oportunidade os representantes do munic\u00edpio apresentaram as principais reivindica\u00e7\u00f5es de Costa Rica.<\/p>\n<p>A popula\u00e7\u00e3o de todos os cantos de Mato Grosso do Sul est\u00e1 sendo ouvida pelo governo para a elabora\u00e7\u00e3o do planejamento para os pr\u00f3ximos quatro anos. O Estado quer saber quais pol\u00edticas p\u00fablicas e a\u00e7\u00f5es governamentais devem ser priorizadas na opini\u00e3o das pessoas.<\/p>\n<p>Participam desse encontro regional, al\u00e9m da cidade sede, Coxim, representantes de Costa Rica, Alcin\u00f3polis, Camapu\u00e3, Figueir\u00e3o, Pedro Gomes, Rio Verde, S\u00e3o Gabriel do Oeste e Sonora.<\/p>\n<p>A pauta foi a constru\u00e7\u00e3o do Plano Plurianual (2024-2027). O PPA \u00e9 um instrumento de planejamento previsto na Constitui\u00e7\u00e3o Federal de 1988, elaborado a cada 4 anos pelos estados e demais entes federados.<\/p>\n<\/div>\n<div class=\"ntc_area_info_noticia sw_lato\">\n<div>\n<div class=\"ntc_info_noticia\"><strong class=\"sw_lato_black\">Fonte: <\/strong>Assessoria de Comunica\u00e7\u00e3o \/ PMCR<\/div>\n<div class=\"ntc_info_noticia\"><strong class=\"sw_lato_black\">Autor: <\/strong>Silvestre de Castro &#8211; Jornalista e Radialista<\/div>\n<\/div>\n<\/div>\n","protected":false},"excerpt":{"rendered":"<p>O\u00a0 vice-prefeito de Costa Rica, Roni Cota e o procurador geral do munic\u00edpio, Rogerio do Carmo Soto Coelho participaram do encontro regional em Coxim, na Escola Estadual Padre Nunes que discutiu o planejamento do Governo do Estado na Regi\u00e3o Norte de MS. Na oportunidade os representantes do munic\u00edpio apresentaram as principais reivindica\u00e7\u00f5es de Costa Rica. [&hellip;]<\/p>\n","protected":false},"author":4,"featured_media":244133,"comment_status":"closed","ping_status":"closed","sticky":false,"template":"","format":"standard","meta":{"footnotes":""},"categories":[25],"tags":[],"class_list":["post-244132","post","type-post","status-publish","format-standard","has-post-thumbnail","hentry","category-costa-rica"],"_links":{"self":[{"href":"https:\/\/www.ocorreionews.com.br\/acervo-correio\/index.php?rest_route=\/wp\/v2\/posts\/244132","targetHints":{"allow":["GET"]}}],"collection":[{"href":"https:\/\/www.ocorreionews.com.br\/acervo-correio\/index.php?rest_route=\/wp\/v2\/posts"}],"about":[{"href":"https:\/\/www.ocorreionews.com.br\/acervo-correio\/index.php?rest_route=\/wp\/v2\/types\/post"}],"author":[{"embeddable":true,"href":"https:\/\/www.ocorreionews.com.br\/acervo-correio\/index.php?rest_route=\/wp\/v2\/users\/4"}],"replies":[{"embeddable":true,"href":"https:\/\/www.ocorreionews.com.br\/acervo-correio\/index.php?rest_route=%2Fwp%2Fv2%2Fcomments&post=244132"}],"version-history":[{"count":2,"href":"https:\/\/www.ocorreionews.com.br\/acervo-correio\/index.php?rest_route=\/wp\/v2\/posts\/244132\/revisions"}],"predecessor-version":[{"id":244136,"href":"https:\/\/www.ocorreionews.com.br\/acervo-correio\/index.php?rest_route=\/wp\/v2\/posts\/244132\/revisions\/244136"}],"wp:featuredmedia":[{"embeddable":true,"href":"https:\/\/www.ocorreionews.com.br\/acervo-correio\/index.php?rest_route=\/wp\/v2\/media\/244133"}],"wp:attachment":[{"href":"https:\/\/www.ocorreionews.com.br\/acervo-correio\/index.php?rest_route=%2Fwp%2Fv2%2Fmedia&parent=244132"}],"wp:term":[{"taxonomy":"category","embeddable":true,"href":"https:\/\/www.ocorreionews.com.br\/acervo-correio\/index.php?rest_route=%2Fwp%2Fv2%2Fcategories&post=244132"},{"taxonomy":"post_tag","embeddable":true,"href":"https:\/\/www.ocorreionews.com.br\/acervo-correio\/index.php?rest_route=%2Fwp%2Fv2%2Ftags&post=244132"}],"curies":[{"name":"wp","href":"https:\/\/api.w.org\/{rel}","templated":true}]}}