{"id":244137,"date":"2023-07-01T08:36:22","date_gmt":"2023-07-01T12:36:22","guid":{"rendered":"https:\/\/www.ocorreionews.com.br\/acervo-correio\/?p=244137"},"modified":"2023-07-01T08:36:22","modified_gmt":"2023-07-01T12:36:22","slug":"representantes-do-poder-publico-participam-de-cerimonia-no-corpo-de-bombeiros-de-costa-rica","status":"publish","type":"post","link":"https:\/\/www.ocorreionews.com.br\/acervo-correio\/?p=244137","title":{"rendered":"Representantes do Poder P\u00fablico participam de cerim\u00f4nia no Corpo de Bombeiros de Costa Rica"},"content":{"rendered":"<div class=\"ntc_area_texto_noticia sw_leitura_audio\">\n<div class=\"ntc_descricao_noticia\">\n<div class=\"ntc_cont_descricao_noticia sw_txteditor\">Nesta sexta-feira (30), o prefeito municipal, Cleverson Alves dos Santos, secret\u00e1rios e vereadores participaram das comemora\u00e7\u00f5es do dia do bombeiro no 19\u00ba Subgrupamento de Bombeiros Militar Independente de Costa Rica. Na oportunidade, aconteceu uma formatura alusiva \u00e0 Semana de Preven\u00e7\u00e3o contra Inc\u00eandio e Dia Nacional do Bombeiro.<\/p>\n<p>O prefeito de Costa Rica, delegado Cleverson Alves, reiterou a import\u00e2ncia do trabalho do Corpo de Bombeiros no munic\u00edpio. Al\u00e9m de salvar vidas, tamb\u00e9m atua no combate a inc\u00eandios e na prote\u00e7\u00e3o da fauna local. Destacou a parceria com a institui\u00e7\u00e3o, incluindo a implementa\u00e7\u00e3o da escola c\u00edvico-militar, que visa transmitir valores \u00e0s crian\u00e7as. Por fim, colocou-se \u00e0 disposi\u00e7\u00e3o para futuras parcerias e desejou sucesso aos bombeiros, almejando prote\u00e7\u00e3o divina para suas vidas enquanto protegem a popula\u00e7\u00e3o.<\/p><\/div>\n<div class=\"ntc_cont_descricao_noticia sw_txteditor\"><img loading=\"lazy\" decoding=\"async\" class=\"alignnone size-full wp-image-244138\" src=\"https:\/\/www.ocorreionews.com.br\/acervo-correio\/wp-content\/uploads\/2023\/07\/formatuira-bombeiros.jpg\" alt=\"\" width=\"800\" height=\"600\" srcset=\"https:\/\/www.ocorreionews.com.br\/acervo-correio\/wp-content\/uploads\/2023\/07\/formatuira-bombeiros.jpg 800w, https:\/\/www.ocorreionews.com.br\/acervo-correio\/wp-content\/uploads\/2023\/07\/formatuira-bombeiros-300x225.jpg 300w, https:\/\/www.ocorreionews.com.br\/acervo-correio\/wp-content\/uploads\/2023\/07\/formatuira-bombeiros-768x576.jpg 768w, https:\/\/www.ocorreionews.com.br\/acervo-correio\/wp-content\/uploads\/2023\/07\/formatuira-bombeiros-86x64.jpg 86w\" sizes=\"auto, (max-width: 800px) 100vw, 800px\" \/><\/p>\n<p>Durante a solenidade, houve uma homenagem ao soldado Wilian Eug\u00eanio do Nascimento, que passou por uma situa\u00e7\u00e3o complicada recentemente. O capit\u00e3o bombeiro militar, Samuel Pedrozo Borges, comandante do 19\u00ba Subgrupamento destacou a import\u00e2ncia de reconhecer e valorizar os membros da corpora\u00e7\u00e3o que se destacam em seu servi\u00e7o. Agradeceu \u00e0 popula\u00e7\u00e3o de Costa Rica pelo apoio e confian\u00e7a, enfatizando que s\u00e3o essenciais para o sucesso da corpora\u00e7\u00e3o. Ele mencionou que em breve se despedir\u00e1 da cidade, ap\u00f3s 4 anos e meio de servi\u00e7o prestado, e ressaltou que o quartel em Costa Rica foi um sonho da popula\u00e7\u00e3o.<\/p>\n<p>A popula\u00e7\u00e3o de Costa Rica foi reconhecida como uma parceira fundamental para o trabalho eficiente do Corpo de Bombeiros Militar. O lema &#8220;Vidas alheias e riquezas salvar&#8221; resume a miss\u00e3o da corpora\u00e7\u00e3o em todo o Brasil e em outros pa\u00edses, mostrando o compromisso dos bombeiros em arriscar suas vidas diariamente para salvar e proteger a sociedade, destacou Pedrozo.<\/p>\n<p>Hist\u00f3rico<\/p>\n<p>A Semana Nacional de Preven\u00e7\u00e3o e Combate a Inc\u00eandio e o Dia Nacional do Bombeiro s\u00e3o celebrados anualmente entre os dias 26 de junho e 2 de julho. A escolha da data \u00e9 uma homenagem \u00e0 cria\u00e7\u00e3o do Corpo Provis\u00f3rio de Bombeiros da Corte, inaugurado em 2 de julho de 1856, no Rio de Janeiro.<\/p>\n<p>Antes do Decreto Imperial n\u00ba 1.775 assinado pelo Imperador D. Pedro II, o combate a inc\u00eandios era realizado de forma improvisada pela popula\u00e7\u00e3o. As pessoas se organizavam em filas e passavam baldes de \u00e1gua de m\u00e3o em m\u00e3o at\u00e9 o local do inc\u00eandio. A regulamenta\u00e7\u00e3o do servi\u00e7o de bombeiros trouxe mais organiza\u00e7\u00e3o e efici\u00eancia para o combate a inc\u00eandios.<\/p>\n<p>O bombeiro militar, inicialmente institu\u00eddo dentro da Marinha, surgiu atrav\u00e9s desse decreto imperial para combater inc\u00eandios em embarca\u00e7\u00f5es de madeira. Atualmente, os bombeiros militares atuam em diversas frentes, incluindo socorro p\u00fablico, defensivo e combate a inc\u00eandios urbanos e florestais.\n<\/p><\/div>\n<div class=\"ntc_area_info_noticia sw_lato\">\n<div>\n<div class=\"ntc_info_noticia\"><strong class=\"sw_lato_black\">Fonte: <\/strong>Assessoria de Comunica\u00e7\u00e3o &#8211; PMCR<\/div>\n<div class=\"ntc_info_noticia\"><strong class=\"sw_lato_black\">Autor: <\/strong>Silvestre de Castro &#8211; Jornalista e Radialista<\/div>\n<\/div>\n<\/div>\n<\/div>\n<\/div>\n","protected":false},"excerpt":{"rendered":"<p>Nesta sexta-feira (30), o prefeito municipal, Cleverson Alves dos Santos, secret\u00e1rios e vereadores participaram das comemora\u00e7\u00f5es do dia do bombeiro no 19\u00ba Subgrupamento de Bombeiros Militar Independente de Costa Rica. Na oportunidade, aconteceu uma formatura alusiva \u00e0 Semana de Preven\u00e7\u00e3o contra Inc\u00eandio e Dia Nacional do Bombeiro. O prefeito de Costa Rica, delegado Cleverson Alves, [&hellip;]<\/p>\n","protected":false},"author":4,"featured_media":244139,"comment_status":"closed","ping_status":"closed","sticky":false,"template":"","format":"standard","meta":{"footnotes":""},"categories":[31],"tags":[],"class_list":["post-244137","post","type-post","status-publish","format-standard","has-post-thumbnail","hentry","category-geral"],"_links":{"self":[{"href":"https:\/\/www.ocorreionews.com.br\/acervo-correio\/index.php?rest_route=\/wp\/v2\/posts\/244137","targetHints":{"allow":["GET"]}}],"collection":[{"href":"https:\/\/www.ocorreionews.com.br\/acervo-correio\/index.php?rest_route=\/wp\/v2\/posts"}],"about":[{"href":"https:\/\/www.ocorreionews.com.br\/acervo-correio\/index.php?rest_route=\/wp\/v2\/types\/post"}],"author":[{"embeddable":true,"href":"https:\/\/www.ocorreionews.com.br\/acervo-correio\/index.php?rest_route=\/wp\/v2\/users\/4"}],"replies":[{"embeddable":true,"href":"https:\/\/www.ocorreionews.com.br\/acervo-correio\/index.php?rest_route=%2Fwp%2Fv2%2Fcomments&post=244137"}],"version-history":[{"count":1,"href":"https:\/\/www.ocorreionews.com.br\/acervo-correio\/index.php?rest_route=\/wp\/v2\/posts\/244137\/revisions"}],"predecessor-version":[{"id":244140,"href":"https:\/\/www.ocorreionews.com.br\/acervo-correio\/index.php?rest_route=\/wp\/v2\/posts\/244137\/revisions\/244140"}],"wp:featuredmedia":[{"embeddable":true,"href":"https:\/\/www.ocorreionews.com.br\/acervo-correio\/index.php?rest_route=\/wp\/v2\/media\/244139"}],"wp:attachment":[{"href":"https:\/\/www.ocorreionews.com.br\/acervo-correio\/index.php?rest_route=%2Fwp%2Fv2%2Fmedia&parent=244137"}],"wp:term":[{"taxonomy":"category","embeddable":true,"href":"https:\/\/www.ocorreionews.com.br\/acervo-correio\/index.php?rest_route=%2Fwp%2Fv2%2Fcategories&post=244137"},{"taxonomy":"post_tag","embeddable":true,"href":"https:\/\/www.ocorreionews.com.br\/acervo-correio\/index.php?rest_route=%2Fwp%2Fv2%2Ftags&post=244137"}],"curies":[{"name":"wp","href":"https:\/\/api.w.org\/{rel}","templated":true}]}}