{"id":244141,"date":"2023-07-01T16:40:40","date_gmt":"2023-07-01T20:40:40","guid":{"rendered":"https:\/\/www.ocorreionews.com.br\/acervo-correio\/?p=244141"},"modified":"2023-07-01T16:40:40","modified_gmt":"2023-07-01T20:40:40","slug":"casal-de-jovens-morre-em-acidente-entre-carro-e-carreta","status":"publish","type":"post","link":"https:\/\/www.ocorreionews.com.br\/acervo-correio\/?p=244141","title":{"rendered":"Casal de jovens morre em acidente entre carro e carreta"},"content":{"rendered":"<p>Acidente envolvendo carro e carreta matou casal de jovens no fim da manh\u00e3 deste s\u00e1bado na MS-157, rodovia que liga os munic\u00edpios de Maracaju e Itapor\u00e3. As v\u00edtimas foram identificadas como Douglas Julio Bispo Oliveira, de 22 anos, e Maria Eduarda Brasil da Silva, de 18.<\/p>\n<p>As primeiras informa\u00e7\u00f5es s\u00e3o de que o casal estava no Volkswagen Gol, que atingiu a carreta de frente. O ve\u00edculo ficou completamente destru\u00eddo e o Corpo de Bombeiros trabalha para retirar as v\u00edtimas das ferragens.<\/p>\n<div id=\"taboola-mid-article\" class=\"d-print-none my-3\"><\/div>\n<p>Testemunhas afirmaram que o condutor do Gol desrespeitou o bloqueio de pare e siga, em opera\u00e7\u00e3o nesta manh\u00e3 para manuten\u00e7\u00e3o da rodovia, quando o ve\u00edculo rodou na pista e acertou a carreta de forma frontal. Segundo o boletim de ocorr\u00eancia, o carro foi arrastado por 80 metros.<\/p>\n<p>O acidente ocorreu a poucos quil\u00f4metros da regi\u00e3o urbana de Maracaju, munic\u00edpio localizado a 160 km de Campo Grande. O condutor da carreta, de 33 anos, natural de Rondon\u00f3polis (MT), ficou no local e contou que estava chegando em uma fazenda da regi\u00e3o. (Com Hosana de Lourdes, Tudo do MS)<\/p>\n<p>campograndenews<\/p>\n","protected":false},"excerpt":{"rendered":"<p>Acidente envolvendo carro e carreta matou casal de jovens no fim da manh\u00e3 deste s\u00e1bado na MS-157, rodovia que liga os munic\u00edpios de Maracaju e Itapor\u00e3. As v\u00edtimas foram identificadas como Douglas Julio Bispo Oliveira, de 22 anos, e Maria Eduarda Brasil da Silva, de 18. As primeiras informa\u00e7\u00f5es s\u00e3o de que o casal estava [&hellip;]<\/p>\n","protected":false},"author":4,"featured_media":244142,"comment_status":"closed","ping_status":"closed","sticky":false,"template":"","format":"standard","meta":{"footnotes":""},"categories":[38],"tags":[],"class_list":["post-244141","post","type-post","status-publish","format-standard","has-post-thumbnail","hentry","category-policia"],"_links":{"self":[{"href":"https:\/\/www.ocorreionews.com.br\/acervo-correio\/index.php?rest_route=\/wp\/v2\/posts\/244141","targetHints":{"allow":["GET"]}}],"collection":[{"href":"https:\/\/www.ocorreionews.com.br\/acervo-correio\/index.php?rest_route=\/wp\/v2\/posts"}],"about":[{"href":"https:\/\/www.ocorreionews.com.br\/acervo-correio\/index.php?rest_route=\/wp\/v2\/types\/post"}],"author":[{"embeddable":true,"href":"https:\/\/www.ocorreionews.com.br\/acervo-correio\/index.php?rest_route=\/wp\/v2\/users\/4"}],"replies":[{"embeddable":true,"href":"https:\/\/www.ocorreionews.com.br\/acervo-correio\/index.php?rest_route=%2Fwp%2Fv2%2Fcomments&post=244141"}],"version-history":[{"count":1,"href":"https:\/\/www.ocorreionews.com.br\/acervo-correio\/index.php?rest_route=\/wp\/v2\/posts\/244141\/revisions"}],"predecessor-version":[{"id":244143,"href":"https:\/\/www.ocorreionews.com.br\/acervo-correio\/index.php?rest_route=\/wp\/v2\/posts\/244141\/revisions\/244143"}],"wp:featuredmedia":[{"embeddable":true,"href":"https:\/\/www.ocorreionews.com.br\/acervo-correio\/index.php?rest_route=\/wp\/v2\/media\/244142"}],"wp:attachment":[{"href":"https:\/\/www.ocorreionews.com.br\/acervo-correio\/index.php?rest_route=%2Fwp%2Fv2%2Fmedia&parent=244141"}],"wp:term":[{"taxonomy":"category","embeddable":true,"href":"https:\/\/www.ocorreionews.com.br\/acervo-correio\/index.php?rest_route=%2Fwp%2Fv2%2Fcategories&post=244141"},{"taxonomy":"post_tag","embeddable":true,"href":"https:\/\/www.ocorreionews.com.br\/acervo-correio\/index.php?rest_route=%2Fwp%2Fv2%2Ftags&post=244141"}],"curies":[{"name":"wp","href":"https:\/\/api.w.org\/{rel}","templated":true}]}}