{"id":244146,"date":"2023-07-02T06:59:40","date_gmt":"2023-07-02T10:59:40","guid":{"rendered":"https:\/\/www.ocorreionews.com.br\/acervo-correio\/?p=244146"},"modified":"2023-07-02T06:59:40","modified_gmt":"2023-07-02T10:59:40","slug":"hoje-02-de-julho-dia-dos-bombeiros","status":"publish","type":"post","link":"https:\/\/www.ocorreionews.com.br\/acervo-correio\/?p=244146","title":{"rendered":"Hoje 02 de julho dia dos Bombeiros"},"content":{"rendered":"<p align=\"justify\">Hoje, 2 de julho, comemoramos o Dia Nacional do Bombeiro. A escolha desta data \u00e9 uma homenagem a cria\u00e7\u00e3o do Corpo Provis\u00f3rio de Bombeiros da Corte, inaugurado em 2 de julho de 1856, no Rio de Janeiro, e sob o comando do major Jo\u00e3o Batista de Morais Antas. Oficialmente, o dia do bombeiro brasileiro foi institu\u00eddo atrav\u00e9s do decreto-lei n\u00ba 35.309, de 2 de abril de 1954. A partir desta mesma lei, tamb\u00e9m foi definido a realiza\u00e7\u00e3o anual da Semana de Preven\u00e7\u00e3o Contra Inc\u00eandios.<\/p>\n<p align=\"justify\">Antigamente, antes do Imperador D. Pedro II assinar o Decreto Imperial n\u00ba 1.775 que regulamentava o servi\u00e7o de bombeiros, o badalar dos sinos era sinal de que homens, mulheres e crian\u00e7as tinham que formar uma fila no po\u00e7o mais pr\u00f3ximo e assim, passarem baldes de m\u00e3o em m\u00e3o at\u00e9 chegarem ao local do inc\u00eandio.<\/p>\n<p align=\"justify\">A data \u00e9 uma homenagem aos her\u00f3is brasileiros que se arriscam diariamente, 24 horas por dia, sete dias por semana, para cumprirem com seu juramento de Salvar e Proteger mesmo com o risco da pr\u00f3pria vida!<\/p>\n<p align=\"justify\"><em>\u201cSalvar e proteger \u00e9 a miss\u00e3o de cada militar da Corpora\u00e7\u00e3o. Compromisso de cada um de n\u00f3s, homens e mulheres do CBMRS.<\/em><\/p>\n<p align=\"justify\"><em> Nos momentos de maior ang\u00fastia, onde e quando a popula\u00e7\u00e3o precisa, n\u00f3s estamos prontos para levar esperan\u00e7a ao povo ga\u00facho.<\/em><\/p>\n<p align=\"justify\"><em> Estaremos l\u00e1, para que tu te sinta seguro!<\/em><\/p>\n<p align=\"justify\"><em> 2 de julho, dia nacional do Bombeiro.<\/em><\/p>\n<p align=\"justify\"><em>Corpo de Bombeiros Militar do Rio Grande do Sul, Salvar e Proteger \u00e9 o que nos move\u201d.<\/em><\/p>\n<p align=\"justify\">Fonte Bombeiros<\/p>\n<p align=\"justify\"><img loading=\"lazy\" decoding=\"async\" class=\"alignnone size-full wp-image-244147\" src=\"https:\/\/www.ocorreionews.com.br\/acervo-correio\/wp-content\/uploads\/2023\/07\/dia-bommm.jpg\" alt=\"\" width=\"1291\" height=\"1600\" srcset=\"https:\/\/www.ocorreionews.com.br\/acervo-correio\/wp-content\/uploads\/2023\/07\/dia-bommm.jpg 1291w, https:\/\/www.ocorreionews.com.br\/acervo-correio\/wp-content\/uploads\/2023\/07\/dia-bommm-242x300.jpg 242w, https:\/\/www.ocorreionews.com.br\/acervo-correio\/wp-content\/uploads\/2023\/07\/dia-bommm-826x1024.jpg 826w, https:\/\/www.ocorreionews.com.br\/acervo-correio\/wp-content\/uploads\/2023\/07\/dia-bommm-768x952.jpg 768w, https:\/\/www.ocorreionews.com.br\/acervo-correio\/wp-content\/uploads\/2023\/07\/dia-bommm-1239x1536.jpg 1239w\" sizes=\"auto, (max-width: 1291px) 100vw, 1291px\" \/><\/p>\n","protected":false},"excerpt":{"rendered":"<p>Hoje, 2 de julho, comemoramos o Dia Nacional do Bombeiro. A escolha desta data \u00e9 uma homenagem a cria\u00e7\u00e3o do Corpo Provis\u00f3rio de Bombeiros da Corte, inaugurado em 2 de julho de 1856, no Rio de Janeiro, e sob o comando do major Jo\u00e3o Batista de Morais Antas. Oficialmente, o dia do bombeiro brasileiro foi [&hellip;]<\/p>\n","protected":false},"author":4,"featured_media":244148,"comment_status":"closed","ping_status":"closed","sticky":false,"template":"","format":"standard","meta":{"footnotes":""},"categories":[23,41],"tags":[],"class_list":["post-244146","post","type-post","status-publish","format-standard","has-post-thumbnail","hentry","category-chapadao-do-sul","category-destaque"],"_links":{"self":[{"href":"https:\/\/www.ocorreionews.com.br\/acervo-correio\/index.php?rest_route=\/wp\/v2\/posts\/244146","targetHints":{"allow":["GET"]}}],"collection":[{"href":"https:\/\/www.ocorreionews.com.br\/acervo-correio\/index.php?rest_route=\/wp\/v2\/posts"}],"about":[{"href":"https:\/\/www.ocorreionews.com.br\/acervo-correio\/index.php?rest_route=\/wp\/v2\/types\/post"}],"author":[{"embeddable":true,"href":"https:\/\/www.ocorreionews.com.br\/acervo-correio\/index.php?rest_route=\/wp\/v2\/users\/4"}],"replies":[{"embeddable":true,"href":"https:\/\/www.ocorreionews.com.br\/acervo-correio\/index.php?rest_route=%2Fwp%2Fv2%2Fcomments&post=244146"}],"version-history":[{"count":2,"href":"https:\/\/www.ocorreionews.com.br\/acervo-correio\/index.php?rest_route=\/wp\/v2\/posts\/244146\/revisions"}],"predecessor-version":[{"id":244150,"href":"https:\/\/www.ocorreionews.com.br\/acervo-correio\/index.php?rest_route=\/wp\/v2\/posts\/244146\/revisions\/244150"}],"wp:featuredmedia":[{"embeddable":true,"href":"https:\/\/www.ocorreionews.com.br\/acervo-correio\/index.php?rest_route=\/wp\/v2\/media\/244148"}],"wp:attachment":[{"href":"https:\/\/www.ocorreionews.com.br\/acervo-correio\/index.php?rest_route=%2Fwp%2Fv2%2Fmedia&parent=244146"}],"wp:term":[{"taxonomy":"category","embeddable":true,"href":"https:\/\/www.ocorreionews.com.br\/acervo-correio\/index.php?rest_route=%2Fwp%2Fv2%2Fcategories&post=244146"},{"taxonomy":"post_tag","embeddable":true,"href":"https:\/\/www.ocorreionews.com.br\/acervo-correio\/index.php?rest_route=%2Fwp%2Fv2%2Ftags&post=244146"}],"curies":[{"name":"wp","href":"https:\/\/api.w.org\/{rel}","templated":true}]}}