{"id":244172,"date":"2023-07-02T17:25:56","date_gmt":"2023-07-02T21:25:56","guid":{"rendered":"https:\/\/www.ocorreionews.com.br\/acervo-correio\/?p=244172"},"modified":"2023-07-02T17:25:56","modified_gmt":"2023-07-02T21:25:56","slug":"conhecida-por-piramides-naturais-apenas-32-pessoas-deixaram-alcinopolis","status":"publish","type":"post","link":"https:\/\/www.ocorreionews.com.br\/acervo-correio\/?p=244172","title":{"rendered":"Conhecida por &#8216;pir\u00e2mides naturais&#8217;, apenas 32 pessoas deixaram Alcin\u00f3polis"},"content":{"rendered":"<p>Conhecida por &#8216;pir\u00e2mides naturais&#8217;, apenas 32 pessoas deixam Alcin\u00f3polis em 12 anosIBGE aponta que 557 novas casas foram constru\u00eddas na pequena cidade sul-mato-grossense.<\/p>\n<p>Mesmo pequena, \u00e9 dif\u00edcil encontrar algu\u00e9m que n\u00e3o fale com carinho de Alcin\u00f3polis, uma das cidades \u201cca\u00e7ulas\u201d de Mato Grosso do Sul. Os dados populacionais divulgados pelo IBGE (Instituto Brasileiro de Geografia e Estat\u00edstica) mostram que em 12 anos apenas 32 pessoas deixaram de morar no munic\u00edpio de 31 anos.<\/p>\n<p>Na propor\u00e7\u00e3o de poucas pessoas deixando a cidade, n\u00e3o houve crescimento populacional nos \u00faltimos anos. O balan\u00e7o indica que moravam 4.569 pessoas na regi\u00e3o em 2010, o n\u00famero cai para 4.537 em 2020, uma redu\u00e7\u00e3o de 0,70%.<\/p>\n<p>Apesar de pouco significativa a queda de moradores, houve expans\u00e3o territorial, j\u00e1 que o n\u00famero de casas \u00e9 consideravelmente maior em uma d\u00e9cada, crescendo de 2.055 para 2.632 domic\u00edlios recenseados pelo IBGE, o que representa \u00edndice positivo de 28,08%.<\/p>\n<p>Destes, 2.618 s\u00e3o im\u00f3veis particulares permanentes, aqueles em que o Censo classifica como exclusivo para habita\u00e7\u00e3o; h\u00e1 apenas um improvisado, domic\u00edlio que n\u00e3o tem caracter\u00edstica para habita\u00e7\u00e3o, mas est\u00e1 sendo utilizado como, por exemplo, um bar ou abrigo embaixo de viadutos; e 13 coletivos, domic\u00edlio de uso compartilhado, como asilos, pens\u00f5es e rep\u00fablicas.<\/p>\n<p>Dos im\u00f3veis visitados, 1.770, equivalente a 67,6%, est\u00e3o ocupados; outros 525, cerca de 20,1%, s\u00e3o utilizados em uso ocasional, aquele im\u00f3vel que tem serventia ocasionalmente, por exemplo, para f\u00e9rias ou lazer de fim de semana; e 323 est\u00e3o vagos, ou seja, 12,3% n\u00e3o est\u00e3o com morador residindo.<\/p>\n<p>A pesquisa mostra que a m\u00e9dia de moradores em um endere\u00e7o \u00e9 de 2,55. Cerca de 95,59% das resid\u00eancias foram recenseadas com entrevista e 4,41% sem entrevista. Nos im\u00f3veis coletivos, apenas oito foram sem entrevista e cinco com. A densidade demogr\u00e1fica indica que h\u00e1 1,03 habitantes por km\u00b2.<\/p>\n<p><strong>Prefeitura contesta<\/strong>Segundo o prefeito Dalmy Cris\u00f3stomo, o munic\u00edpio deve contestar os dados inicias, pois pontua crescimento no n\u00famero de eleitores, liga\u00e7\u00f5es de saneamento e resid\u00eancias entregues desde 2021.<\/p>\n<p>\u201cS\u00f3 na minha gest\u00e3o foram entregues 100 casas novas, mais de mil liga\u00e7\u00f5es de \u00e1gua e rede de esgoto, pedido de cart\u00e3o do SUS (Sistema \u00danico de Sa\u00fade), de alunos novos tamb\u00e9m. No pr\u00f3ximo dia 13 [de julho] estarei em Bras\u00edlia e irei pedir a revis\u00e3o de dados, comparando um levantamento municipal dos \u00faltimos anos e \u00faltimo Censo. N\u00e3o \u00e9 porque \u00e9 minha cidade, mas Alcin\u00f3polis \u00e9 um \u00f3timo lugar para viver. Temos 90% da cidade com pavimenta\u00e7\u00e3o asf\u00e1ltica e quase chegam a 100% em esgotamento sanit\u00e1rio\u201d.<\/p>\n<p><strong>Cidade acolhedora<\/strong>Nayara Oliveira, de 22 anos, cresceu na cidade e abriu o pr\u00f3prio neg\u00f3cio, um espa\u00e7o de est\u00e9tica. A empres\u00e1ria defende a pacata regi\u00e3o como tranquila, sem viol\u00eancia, acolhedora e familiar.<\/p>\n<p>\u201cCom 15 anos j\u00e1 trabalhava em casa e a domic\u00edlio. Trabalhei em quatro sal\u00f5es at\u00e9 ter o meu pr\u00f3prio. Indicaria Alcin\u00f3polis como um lugar para morar. Apesar de ser uma cidade pequena se consegue uma renda boa e \u00e9 um \u00f3timo lugar para se viver com a fam\u00edlia\u201d.<\/p>\n<p>Exatamente por ser pequena, h\u00e1 aquela sensa\u00e7\u00e3o de cidade interiorana em que todo mundo se conhece. \u201cConhe\u00e7o todos os meus vizinhos, alguns s\u00e3o novos, mas chegaram aqui h\u00e1 bastante tempo e tamb\u00e9m t\u00eam a mesma opini\u00e3o sobre a cidade\u201d, comenta.<\/p>\n<p>Mas quem n\u00e3o \u00e9 alcinopolense escolheu a cidade como sua, como a H\u00e9lia Menezes, 37 anos, que se mudou de Figueir\u00e3o, vizinho, h\u00e1 26 anos e hoje tem a loja Avenida Variedades. Ela se mudou ainda crian\u00e7a, pois os pais acreditaram no potencial de uma cidade rec\u00e9m-criada.<\/p>\n<p>\u201cDeu muito certo, somos em tr\u00eas filhos e todos s\u00e3o empreendedores. N\u00e3o \u00e9 muito f\u00e1cil [empreender], mas tem sua qualidade de ser pequena, por exemplo, conhecemos todos os nossos clientes e [tem fluxo] de clientes de cidades vizinhas, temos oportunidade de conversar com cada um deles\u201d.<\/p>\n<p>Embora diversas fam\u00edlias tradicionais, a moradora diz que a tranquilidade e custo de vida s\u00e3o atrativos para quem deseja se mudar para ali, entretanto, falta oportunidade de estudos de cursos de n\u00edvel superior. \u201cJovens precisam se mudar. Acredito que, hoje, os jovens que sa\u00edram para estudar est\u00e3o retornando, principalmente os que adquiriram fam\u00edlia, mas a maior parte da popula\u00e7\u00e3o \u00e9 meia-idade\u201d.<\/p>\n<p><strong>Voc\u00ea sabia?<\/strong>Os 4.395 km\u00b2 abrigam um tesouro natural e arqueol\u00f3gico. A cidade tem monumentos conhecidos como Templo dos Pilares, pir\u00e2mides feitas pela forma\u00e7\u00e3o do tempo. O munic\u00edpio possui diversos s\u00edtios arqueol\u00f3gicos e inscri\u00e7\u00f5es rupestres, o que rendeu o t\u00edtulo de Capital Estadual da Arte Rupestre. Acredita-se que as gravuras, pinturas em paredes, teto e pilares tenham mais de 10 mil anos.<\/p>\n<p>O munic\u00edpio faz parte da microrregi\u00e3o geogr\u00e1fica do Alto Taquari, divisa com o Alto Araguaia, em Mato Grosso, Taquari, Costa Rica, Coxim e Pedro Gomes, distante a 384 quil\u00f4metros de Campo Grande. As principais rodovias de acesso s\u00e3o: BR-163, BR-359, MS-217 e MS-135.<\/p>\n<p>A hist\u00f3ria come\u00e7ou em 1965, quando o fazendeiro Adolfo Alves Carneiro, da Fazenda Bananal, contratou da cidade de Mineiros, em Goi\u00e1s, a professora Romilda Costa Carneiro para dar aula aos filhos e filhos de empregados, diante da dificuldade de escolas rurais da \u00e9poca.<\/p>\n<p>Romilda se casou com o filho mais velho de Adolfo, Alcino Fernandes Carneiro. Em 1970, o casal seguiu para Coxim na busca de apoio para constru\u00e7\u00e3o da primeira escola. O impulso para elevar a educa\u00e7\u00e3o motivou fazendeiros a buscar a emancipa\u00e7\u00e3o de Alcin\u00f3polis de Coxim, fundada em 24 de abril de 1992.<\/p>\n<p>&nbsp;<\/p>\n<p>&nbsp;<\/p>\n<p>midiamax<\/p>\n","protected":false},"excerpt":{"rendered":"<p>Conhecida por &#8216;pir\u00e2mides naturais&#8217;, apenas 32 pessoas deixam Alcin\u00f3polis em 12 anosIBGE aponta que 557 novas casas foram constru\u00eddas na pequena cidade sul-mato-grossense. Mesmo pequena, \u00e9 dif\u00edcil encontrar algu\u00e9m que n\u00e3o fale com carinho de Alcin\u00f3polis, uma das cidades \u201cca\u00e7ulas\u201d de Mato Grosso do Sul. Os dados populacionais divulgados pelo IBGE (Instituto Brasileiro de Geografia [&hellip;]<\/p>\n","protected":false},"author":4,"featured_media":138899,"comment_status":"closed","ping_status":"closed","sticky":false,"template":"","format":"standard","meta":{"footnotes":""},"categories":[18],"tags":[],"class_list":["post-244172","post","type-post","status-publish","format-standard","has-post-thumbnail","hentry","category-alcinopolis"],"_links":{"self":[{"href":"https:\/\/www.ocorreionews.com.br\/acervo-correio\/index.php?rest_route=\/wp\/v2\/posts\/244172","targetHints":{"allow":["GET"]}}],"collection":[{"href":"https:\/\/www.ocorreionews.com.br\/acervo-correio\/index.php?rest_route=\/wp\/v2\/posts"}],"about":[{"href":"https:\/\/www.ocorreionews.com.br\/acervo-correio\/index.php?rest_route=\/wp\/v2\/types\/post"}],"author":[{"embeddable":true,"href":"https:\/\/www.ocorreionews.com.br\/acervo-correio\/index.php?rest_route=\/wp\/v2\/users\/4"}],"replies":[{"embeddable":true,"href":"https:\/\/www.ocorreionews.com.br\/acervo-correio\/index.php?rest_route=%2Fwp%2Fv2%2Fcomments&post=244172"}],"version-history":[{"count":1,"href":"https:\/\/www.ocorreionews.com.br\/acervo-correio\/index.php?rest_route=\/wp\/v2\/posts\/244172\/revisions"}],"predecessor-version":[{"id":244173,"href":"https:\/\/www.ocorreionews.com.br\/acervo-correio\/index.php?rest_route=\/wp\/v2\/posts\/244172\/revisions\/244173"}],"wp:featuredmedia":[{"embeddable":true,"href":"https:\/\/www.ocorreionews.com.br\/acervo-correio\/index.php?rest_route=\/wp\/v2\/media\/138899"}],"wp:attachment":[{"href":"https:\/\/www.ocorreionews.com.br\/acervo-correio\/index.php?rest_route=%2Fwp%2Fv2%2Fmedia&parent=244172"}],"wp:term":[{"taxonomy":"category","embeddable":true,"href":"https:\/\/www.ocorreionews.com.br\/acervo-correio\/index.php?rest_route=%2Fwp%2Fv2%2Fcategories&post=244172"},{"taxonomy":"post_tag","embeddable":true,"href":"https:\/\/www.ocorreionews.com.br\/acervo-correio\/index.php?rest_route=%2Fwp%2Fv2%2Ftags&post=244172"}],"curies":[{"name":"wp","href":"https:\/\/api.w.org\/{rel}","templated":true}]}}