{"id":244178,"date":"2023-07-03T07:41:16","date_gmt":"2023-07-03T11:41:16","guid":{"rendered":"https:\/\/www.ocorreionews.com.br\/acervo-correio\/?p=244178"},"modified":"2023-07-03T10:33:24","modified_gmt":"2023-07-03T14:33:24","slug":"pai-vivia-com-as-filhas-como-esposas-em-cidade-do-ms","status":"publish","type":"post","link":"https:\/\/www.ocorreionews.com.br\/acervo-correio\/?p=244178","title":{"rendered":"Pai que vivia com as filhas como esposas em cidade do MS \u00e9 preso"},"content":{"rendered":"<p style=\"background: white; margin: 0cm 0cm 12.75pt 0cm;\"><span style=\"font-size: 11.5pt; font-family: 'Lato','serif'; color: #222222;\">Um homem de 43 anos foi preso por abusar sexualmente das tr\u00eas filhas desde que elas tinham seis anos de idade no munic\u00edpio de Caarap\u00f3 (MS).<\/span><\/p>\n<p>As meninas atualmente possuem 14 e 17 anos de idade. Segundo relato das v\u00edtimas, o homem tratava as filhas como esposas.<\/p>\n<p>Uma delas ainda residia com ele antes de pris\u00e3o e tentou sair de casa, por\u00e9m foi impedida.<\/p>\n<p>No boletim de ocorr\u00eancia na Delegacia de Atendimento a Mulher de Dourados (MS), uma das v\u00edtimas, de 14 anos, relata que era abusada desde os seis anos de idade quando moravam juntos.<\/p>\n<p>Al\u00e9m disso, contou tamb\u00e9m que sua irm\u00e3 g\u00eamea que reside na cidade com o autor ainda teria contado que ainda sofre os mesmos estupros praticados pelo pai.<\/p>\n<p>Ap\u00f3s contato com a equipe da Pol\u00edcia Civil de Caarap\u00f3, os investigadores da Se\u00e7\u00e3o de Investiga\u00e7\u00f5es Gerais (SIG) realizaram as dilig\u00eancias no intuito de localizar o endere\u00e7o das demais v\u00edtimas e do autor.<\/p>\n<p>A equipe encontrou a filha, de 17 anos, que atualmente est\u00e1 casada. Ela disse tamb\u00e9m que era obrigava a manter rela\u00e7\u00e3o sexual com ele diariamente desde os 7 anos de idade e que tratava as filhas como suas pr\u00f3prias esposas.<\/p>\n<p>De acordo com a pol\u00edcia, a segunda v\u00edtima, que est\u00e1 gestante, declarou que o \u00faltimo abuso se deu h\u00e1 quatro meses e acredita que a paternidade provavelmente seja do autor.<\/p>\n<p>Declarou que somente conseguiu sair de casa ap\u00f3s o seu pai for\u00e7\u00e1-la a se casar, pois a madrasta nutria ci\u00fames da rela\u00e7\u00e3o entre a filha e o pai. Inclusive, a irm\u00e3, que continua morando com o pai e que ainda \u00e9 violentada, implorava para que morasse com ela, mas o autor nunca permitiu.<\/p>\n<p>Em dilig\u00eancias, a Autoridade Policial representou pela pris\u00e3o preventiva do autor e foi deferida.<\/p>\n<p>O abusador foi preso e est\u00e1 \u00e0 disposi\u00e7\u00e3o da Justi\u00e7a.<\/p>\n<p>Ele poder\u00e1 responder criminalmente por estupro de vulner\u00e1vel em continuidade delitiva com incid\u00eancia de causa de aumento de pena pela ascend\u00eancia e pelo resultado gravidez, ainda a ser esclarecido.<\/p>\n<p>&nbsp;<\/p>\n<p>&nbsp;<\/p>\n<p>Por: Ponta Por\u00e3 e Midia<\/p>\n","protected":false},"excerpt":{"rendered":"<p>Um homem de 43 anos foi preso por abusar sexualmente das tr\u00eas filhas desde que elas tinham seis anos de idade no munic\u00edpio de Caarap\u00f3 (MS). As meninas atualmente possuem 14 e 17 anos de idade. Segundo relato das v\u00edtimas, o homem tratava as filhas como esposas. Uma delas ainda residia com ele antes de [&hellip;]<\/p>\n","protected":false},"author":4,"featured_media":244180,"comment_status":"closed","ping_status":"closed","sticky":false,"template":"","format":"standard","meta":{"footnotes":""},"categories":[38],"tags":[],"class_list":["post-244178","post","type-post","status-publish","format-standard","has-post-thumbnail","hentry","category-policia"],"_links":{"self":[{"href":"https:\/\/www.ocorreionews.com.br\/acervo-correio\/index.php?rest_route=\/wp\/v2\/posts\/244178","targetHints":{"allow":["GET"]}}],"collection":[{"href":"https:\/\/www.ocorreionews.com.br\/acervo-correio\/index.php?rest_route=\/wp\/v2\/posts"}],"about":[{"href":"https:\/\/www.ocorreionews.com.br\/acervo-correio\/index.php?rest_route=\/wp\/v2\/types\/post"}],"author":[{"embeddable":true,"href":"https:\/\/www.ocorreionews.com.br\/acervo-correio\/index.php?rest_route=\/wp\/v2\/users\/4"}],"replies":[{"embeddable":true,"href":"https:\/\/www.ocorreionews.com.br\/acervo-correio\/index.php?rest_route=%2Fwp%2Fv2%2Fcomments&post=244178"}],"version-history":[{"count":5,"href":"https:\/\/www.ocorreionews.com.br\/acervo-correio\/index.php?rest_route=\/wp\/v2\/posts\/244178\/revisions"}],"predecessor-version":[{"id":244228,"href":"https:\/\/www.ocorreionews.com.br\/acervo-correio\/index.php?rest_route=\/wp\/v2\/posts\/244178\/revisions\/244228"}],"wp:featuredmedia":[{"embeddable":true,"href":"https:\/\/www.ocorreionews.com.br\/acervo-correio\/index.php?rest_route=\/wp\/v2\/media\/244180"}],"wp:attachment":[{"href":"https:\/\/www.ocorreionews.com.br\/acervo-correio\/index.php?rest_route=%2Fwp%2Fv2%2Fmedia&parent=244178"}],"wp:term":[{"taxonomy":"category","embeddable":true,"href":"https:\/\/www.ocorreionews.com.br\/acervo-correio\/index.php?rest_route=%2Fwp%2Fv2%2Fcategories&post=244178"},{"taxonomy":"post_tag","embeddable":true,"href":"https:\/\/www.ocorreionews.com.br\/acervo-correio\/index.php?rest_route=%2Fwp%2Fv2%2Ftags&post=244178"}],"curies":[{"name":"wp","href":"https:\/\/api.w.org\/{rel}","templated":true}]}}