{"id":244185,"date":"2023-07-03T08:37:55","date_gmt":"2023-07-03T12:37:55","guid":{"rendered":"https:\/\/www.ocorreionews.com.br\/acervo-correio\/?p=244185"},"modified":"2023-07-03T08:37:55","modified_gmt":"2023-07-03T12:37:55","slug":"homem-com-mandato-de-prisao-e-preso-em-fazenda-de-paraiso-das-aguas","status":"publish","type":"post","link":"https:\/\/www.ocorreionews.com.br\/acervo-correio\/?p=244185","title":{"rendered":"Homem com mandato de pris\u00e3o \u00e9 preso em fazenda de Para\u00edso das \u00c1guas"},"content":{"rendered":"<p>Na ultima sexta-feira (30), um homem de 30 anos foi preso em uma propriedade rural de Para\u00edso das \u00c1guas com um mandato de pris\u00e3o em seu desfavor.<\/p>\n<p>De acordo com o Boletim de Ocorr\u00eancia, uma guarni\u00e7\u00e3o da Pol\u00edcia Militar realizava patrulhamento em propriedade rural localizada no munic\u00edpio de Para\u00edso das \u00c1guas, ao checar no sistema policial, um morador local, foi constatado um mandado de pris\u00e3o em aberto por d\u00e9bitos aliment\u00edcios, diante dos fatos foi lhe dado voz de pris\u00e3o. O autor n\u00e3o resistiu \u00e0 pris\u00e3o e foi encaminhado para Delegacia de Pol\u00edcia Civil.<\/p>\n<p>&nbsp;<\/p>\n<p><em>* O Correio News, com informa\u00e7\u00f5es da Assessoria de Comunica\u00e7\u00e3o da 4\u00aaCIPM \u2013 Companhia Independente da Pol\u00edcia Militar.<\/em><\/p>\n","protected":false},"excerpt":{"rendered":"<p>Na ultima sexta-feira (30), um homem de 30 anos foi preso em uma propriedade rural de Para\u00edso das \u00c1guas com um mandato de pris\u00e3o em seu desfavor. De acordo com o Boletim de Ocorr\u00eancia, uma guarni\u00e7\u00e3o da Pol\u00edcia Militar realizava patrulhamento em propriedade rural localizada no munic\u00edpio de Para\u00edso das \u00c1guas, ao checar no sistema [&hellip;]<\/p>\n","protected":false},"author":5,"featured_media":244190,"comment_status":"closed","ping_status":"closed","sticky":false,"template":"","format":"standard","meta":{"footnotes":""},"categories":[36,38],"tags":[],"class_list":["post-244185","post","type-post","status-publish","format-standard","has-post-thumbnail","hentry","category-paraiso-das-aguas","category-policia"],"_links":{"self":[{"href":"https:\/\/www.ocorreionews.com.br\/acervo-correio\/index.php?rest_route=\/wp\/v2\/posts\/244185","targetHints":{"allow":["GET"]}}],"collection":[{"href":"https:\/\/www.ocorreionews.com.br\/acervo-correio\/index.php?rest_route=\/wp\/v2\/posts"}],"about":[{"href":"https:\/\/www.ocorreionews.com.br\/acervo-correio\/index.php?rest_route=\/wp\/v2\/types\/post"}],"author":[{"embeddable":true,"href":"https:\/\/www.ocorreionews.com.br\/acervo-correio\/index.php?rest_route=\/wp\/v2\/users\/5"}],"replies":[{"embeddable":true,"href":"https:\/\/www.ocorreionews.com.br\/acervo-correio\/index.php?rest_route=%2Fwp%2Fv2%2Fcomments&post=244185"}],"version-history":[{"count":1,"href":"https:\/\/www.ocorreionews.com.br\/acervo-correio\/index.php?rest_route=\/wp\/v2\/posts\/244185\/revisions"}],"predecessor-version":[{"id":244191,"href":"https:\/\/www.ocorreionews.com.br\/acervo-correio\/index.php?rest_route=\/wp\/v2\/posts\/244185\/revisions\/244191"}],"wp:featuredmedia":[{"embeddable":true,"href":"https:\/\/www.ocorreionews.com.br\/acervo-correio\/index.php?rest_route=\/wp\/v2\/media\/244190"}],"wp:attachment":[{"href":"https:\/\/www.ocorreionews.com.br\/acervo-correio\/index.php?rest_route=%2Fwp%2Fv2%2Fmedia&parent=244185"}],"wp:term":[{"taxonomy":"category","embeddable":true,"href":"https:\/\/www.ocorreionews.com.br\/acervo-correio\/index.php?rest_route=%2Fwp%2Fv2%2Fcategories&post=244185"},{"taxonomy":"post_tag","embeddable":true,"href":"https:\/\/www.ocorreionews.com.br\/acervo-correio\/index.php?rest_route=%2Fwp%2Fv2%2Ftags&post=244185"}],"curies":[{"name":"wp","href":"https:\/\/api.w.org\/{rel}","templated":true}]}}