{"id":244187,"date":"2023-07-03T08:53:11","date_gmt":"2023-07-03T12:53:11","guid":{"rendered":"https:\/\/www.ocorreionews.com.br\/acervo-correio\/?p=244187"},"modified":"2023-07-03T09:43:45","modified_gmt":"2023-07-03T13:43:45","slug":"em-fim-de-semana-violento-sete-pessoas-morrem-nas-estradas-de-ms","status":"publish","type":"post","link":"https:\/\/www.ocorreionews.com.br\/acervo-correio\/?p=244187","title":{"rendered":"Em fim de semana violento, sete pessoas morrem nas rodovias de MS"},"content":{"rendered":"<p>Em tr\u00eas dias, sete pessoas morreram em acidentes de tr\u00e2nsito nas rodovias estaduais e federais de Mato Grosso do Sul. As ocorr\u00eancias foram registradas na MS-141, na MS-157, na MS-395, na BR-163, na BR-376 e na MS-134. Pelo menos em quatro ocorr\u00eancias, as colis\u00f5es ocorreram porque os motoristas invadiram a pista contr\u00e1ria.<\/p>\n<p>Conforme a PRF (Pol\u00edcia Rodovi\u00e1ria Federal), na maioria da vezes, sem paci\u00eancia para aguardar o momento oportuno e local em que a sinaliza\u00e7\u00e3o permita a ultrapassagem, muitos condutores se arriscam. Manobra que \u00e9 uma das principais causas de acidentes com mortes. A infra\u00e7\u00e3o desse tipo de manobra \u00e9 considerada grav\u00edssima, com multa de R$ 1.467,35, al\u00e9m da perda de sete pontos na carteira. Tamb\u00e9m est\u00e3o na lista de acidentes fatais: embriaguez ao volante, excesso de velocidade e falta de dispositivos de cinto de seguran\u00e7a.<\/p>\n<p>Na sexta-feira (30), o motociclista identificado como Ciander Garcia de Oliveira, de 34 anos, morreu no trevo da MS-141, rodovia estadual que corta o munic\u00edpio de Novo Horizonte do Sul. O rapaz conduzia uma Yamaha XT 660, quando perdeu o controle do ve\u00edculo e atravessou o trevo, que liga os munic\u00edpios de Novo Horizonte do Sul e Ivinhema. Com o impacto no asfalto, a v\u00edtima morreu antes mesmo da chegada do Corpo de Bombeiros.<\/p>\n<div class=\"image-container fr-draggable fr-deletable mx-2 my-1 float-none\">\n<figure class=\"float-none text-center mx-auto\"><a href=\"https:\/\/cdn6.campograndenews.com.br\/uploads\/noticias\/2023\/07\/02\/64a1eb2117475.jpg\" data-fslightbox=\"gallery\" data-title=\"Em Maracaju, bombeiros retirando os corpos do casal que ficaram presos \u00e0s ferragens (Foto: Hosana de Lourdes)\u00a0\"><img loading=\"lazy\" decoding=\"async\" class=\"img-fluid\" src=\"https:\/\/cdn6.campograndenews.com.br\/uploads\/noticias\/2023\/07\/02\/4po2sk9x8v1s.jpg\" sizes=\"auto, (min-width: 1024px) calc(.5 * (100vw - 21.875em)), 100vw\" srcset=\"https:\/\/cdn6.campograndenews.com.br\/uploads\/noticias\/2023\/07\/02\/372egyqsrcw00.jpg 1024w, https:\/\/cdn6.campograndenews.com.br\/uploads\/noticias\/2023\/07\/02\/jxf9r6lv6wt7.jpg 640w, https:\/\/cdn6.campograndenews.com.br\/uploads\/noticias\/2023\/07\/02\/4po2sk9x8v1s.jpg 320w\" alt=\"Em Maracaju, bombeiros retirando os corpos do casal que ficaram presos \u00e0s ferragens (Foto: Hosana de Lourdes)\u00a0\" width=\"800\" height=\"648\" \/><\/a><figcaption class=\"mx-auto text-left\">Em Maracaju, bombeiros retirando os corpos do casal que ficaram presos \u00e0s ferragens (Foto: Hosana de Lourdes)<\/figcaption><\/figure>\n<\/div>\n<p>Na tarde de ontem (1\u00ba), acidente envolvendo carro e carreta matou casal de jovens na MS-157, rodovia que liga os munic\u00edpios de Maracaju e Itapor\u00e3. As v\u00edtimas foram identificadas como Douglas J\u00falio Bispo Oliveira, de 22 anos, e Maria Eduarda Brasil da Silva, de 18 anos. O casal estava no Volkswagen Gol, que atingiu a carreta de frente.<\/p>\n<p>Tamb\u00e9m na noite de ontem, Jos\u00e9 Carlos Batista, de 43 anos, morreu na MS-395, entre Anauril\u00e2ndia e Bataguassu, pr\u00f3ximo da entrada do distrito da Vila Quebracho. A v\u00edtima seguia numa motocicleta Honda Bros, com placa de Nova Andradina, quando foi atingida na traseira por Fiat Strada, dirigida por um homem de 33 anos. Jos\u00e9 Carlos morreu no local. O condutor da picape, que saiu da pista e capotou, sofreu ferimentos graves e foi socorrido para uma unidade de <a href=\"https:\/\/www.campograndenews.com.br\/saude\" target=\"_blank\" rel=\"noopener\">sa\u00fade<\/a>.<\/p>\n<p>Na BR-163, Estela Duarte da Costa, de 71 anos, morreu ap\u00f3s ser atropelada por uma motocicleta, na BR-163. O acidente ocorreu pr\u00f3ximo a sa\u00edda do Bairro Cidade Jardim, em Itaquira\u00ed. A v\u00edtima estava de bicicleta no momento em que foi atropelada. O condutor da moto fugiu do local sem prestar socorro. Estela chegou a ser socorrida, mas n\u00e3o resistiu.<\/p>\n<div class=\"image-container fr-draggable fr-deletable mx-2 my-1 float-none\">\n<figure class=\"float-none text-center mx-auto\"><a href=\"https:\/\/cdn6.campograndenews.com.br\/uploads\/noticias\/2023\/07\/02\/64a1ea93ea2d1.jpg\" data-fslightbox=\"gallery\" data-title=\"Carro que Marcelo conduzia ficou totalmente destru\u00eddo (Foto: divulga\u00e7\u00e3o\/Corpo de Bombeiros)\u00a0\"><img loading=\"lazy\" decoding=\"async\" class=\"img-fluid\" src=\"https:\/\/cdn6.campograndenews.com.br\/uploads\/noticias\/2023\/07\/02\/1oh4boynhs1hu.jpg\" sizes=\"auto, (min-width: 1024px) calc(.5 * (100vw - 21.875em)), 100vw\" srcset=\"https:\/\/cdn6.campograndenews.com.br\/uploads\/noticias\/2023\/07\/02\/2qnsr8fpxiqs0.jpg 1024w, https:\/\/cdn6.campograndenews.com.br\/uploads\/noticias\/2023\/07\/02\/3keg4aag3eo0k.jpg 640w, https:\/\/cdn6.campograndenews.com.br\/uploads\/noticias\/2023\/07\/02\/1oh4boynhs1hu.jpg 320w\" alt=\"Carro que Marcelo conduzia ficou totalmente destru\u00eddo (Foto: divulga\u00e7\u00e3o\/Corpo de Bombeiros)\u00a0\" width=\"800\" height=\"509\" \/><\/a><figcaption class=\"mx-auto text-left\">Carro que Marcelo conduzia ficou totalmente destru\u00eddo (Foto: divulga\u00e7\u00e3o\/Corpo de Bombeiros)<\/figcaption><\/figure>\n<\/div>\n<p>Gabriel Soares Capato, de 21 anos, perdeu a vida ap\u00f3s acidente na BR-376, entre Vicentina e F\u00e1tima do Sul. Gabriel seguia em um Fiat P\u00e1lio, quando houve a colis\u00e3o de frente com o Citroen C3. Ele viajava sozinho. No Citroen, estavam Vanda G\u00f3is Alencar Lopes e Wilson Jos\u00e9 de Souza. Eles ficaram gravemente feridos. As v\u00edtimas foram socorridas pelo corpo de bombeiros e encaminhadas ao hospital da Sias, em F\u00e1tima do Sul. Gabriel seria transferido para hospital em Dourados, mas n\u00e3o resistiu.<\/p>\n<p>Nesta madrugada (2), Marcelo de Oliveira Vieira, de 33 anos, morreu ap\u00f3s colidir o Chevrolet Onix, de cor prata, em um caminh\u00e3o. O acidente aconteceu no Km 93 da MS-134, em Nova Andradina. \u00a0Marcelo voltava da Festa do Sereno, em Bataypor\u00e3, e seguia sentido Nova Casa Verde, quando pr\u00f3ximo da entrada do distrito invadiu a pista contr\u00e1ria e colidiu de frente com um caminh\u00e3o furg\u00e3o que transportava frios. Todos os casos citados pela reportagem est\u00e3o seguem sob investiga\u00e7\u00e3o policial.<\/p>\n<p>Por Viviane Oliveira, Campo Grande News<\/p>\n","protected":false},"excerpt":{"rendered":"<p>Em tr\u00eas dias, sete pessoas morreram em acidentes de tr\u00e2nsito nas rodovias estaduais e federais de Mato Grosso do Sul. As ocorr\u00eancias foram registradas na MS-141, na MS-157, na MS-395, na BR-163, na BR-376 e na MS-134. Pelo menos em quatro ocorr\u00eancias, as colis\u00f5es ocorreram porque os motoristas invadiram a pista contr\u00e1ria. Conforme a PRF [&hellip;]<\/p>\n","protected":false},"author":4,"featured_media":244188,"comment_status":"closed","ping_status":"closed","sticky":false,"template":"","format":"standard","meta":{"footnotes":""},"categories":[38],"tags":[],"class_list":["post-244187","post","type-post","status-publish","format-standard","has-post-thumbnail","hentry","category-policia"],"_links":{"self":[{"href":"https:\/\/www.ocorreionews.com.br\/acervo-correio\/index.php?rest_route=\/wp\/v2\/posts\/244187","targetHints":{"allow":["GET"]}}],"collection":[{"href":"https:\/\/www.ocorreionews.com.br\/acervo-correio\/index.php?rest_route=\/wp\/v2\/posts"}],"about":[{"href":"https:\/\/www.ocorreionews.com.br\/acervo-correio\/index.php?rest_route=\/wp\/v2\/types\/post"}],"author":[{"embeddable":true,"href":"https:\/\/www.ocorreionews.com.br\/acervo-correio\/index.php?rest_route=\/wp\/v2\/users\/4"}],"replies":[{"embeddable":true,"href":"https:\/\/www.ocorreionews.com.br\/acervo-correio\/index.php?rest_route=%2Fwp%2Fv2%2Fcomments&post=244187"}],"version-history":[{"count":3,"href":"https:\/\/www.ocorreionews.com.br\/acervo-correio\/index.php?rest_route=\/wp\/v2\/posts\/244187\/revisions"}],"predecessor-version":[{"id":244222,"href":"https:\/\/www.ocorreionews.com.br\/acervo-correio\/index.php?rest_route=\/wp\/v2\/posts\/244187\/revisions\/244222"}],"wp:featuredmedia":[{"embeddable":true,"href":"https:\/\/www.ocorreionews.com.br\/acervo-correio\/index.php?rest_route=\/wp\/v2\/media\/244188"}],"wp:attachment":[{"href":"https:\/\/www.ocorreionews.com.br\/acervo-correio\/index.php?rest_route=%2Fwp%2Fv2%2Fmedia&parent=244187"}],"wp:term":[{"taxonomy":"category","embeddable":true,"href":"https:\/\/www.ocorreionews.com.br\/acervo-correio\/index.php?rest_route=%2Fwp%2Fv2%2Fcategories&post=244187"},{"taxonomy":"post_tag","embeddable":true,"href":"https:\/\/www.ocorreionews.com.br\/acervo-correio\/index.php?rest_route=%2Fwp%2Fv2%2Ftags&post=244187"}],"curies":[{"name":"wp","href":"https:\/\/api.w.org\/{rel}","templated":true}]}}