{"id":244192,"date":"2023-07-03T08:44:24","date_gmt":"2023-07-03T12:44:24","guid":{"rendered":"https:\/\/www.ocorreionews.com.br\/acervo-correio\/?p=244192"},"modified":"2023-07-03T08:44:24","modified_gmt":"2023-07-03T12:44:24","slug":"jovem-e-detido-com-droga-em-praca-de-costa-rica","status":"publish","type":"post","link":"https:\/\/www.ocorreionews.com.br\/acervo-correio\/?p=244192","title":{"rendered":"Jovem \u00e9 detido com droga em Pra\u00e7a de Costa Rica"},"content":{"rendered":"<p>Na noite da ultima sexta-feira (30), um jovem de 20 anos foi detido com maconha em uma Pra\u00e7a na cidade de Costa Rica.<\/p>\n<p>De acordo com o Boletim de Ocorr\u00eancia, por volta das 19h, uma guarni\u00e7\u00e3o de moto patrulhamento estava em rondas pr\u00f3xima a Pra\u00e7a Maria da Luz Ferreira , quando se deparou com o indiv\u00edduo\u00a0 demonstrando nervosismo e tentando desviar-se dos militares.<\/p>\n<p>Os policias ent\u00e3o desconfiaram e realizou a abordagem do jovem, e antes da revista pessoal ser realizada, informou que era usu\u00e1rio drogas e havia acabado de comprar uma paradinha de 50, e que, estava em seu bolso.<\/p>\n<p>Na revista foi localizada uma por\u00e7\u00e3o pequena de maconha embalada em pl\u00e1stico filme, pesando 14.60g.<\/p>\n<p>Diante dos fatos o Autor foi conduzido at\u00e9 a Delegacia de Pol\u00edcia para tomar as providencias cab\u00edveis.<\/p>\n<p>&nbsp;<\/p>\n<p><em>* O Correio News, com informa\u00e7\u00f5es da Assessoria de Comunica\u00e7\u00e3o da 4\u00aaCIPM \u2013 Companhia Independente da Pol\u00edcia Militar.<\/em><\/p>\n","protected":false},"excerpt":{"rendered":"<p>Na noite da ultima sexta-feira (30), um jovem de 20 anos foi detido com maconha em uma Pra\u00e7a na cidade de Costa Rica. De acordo com o Boletim de Ocorr\u00eancia, por volta das 19h, uma guarni\u00e7\u00e3o de moto patrulhamento estava em rondas pr\u00f3xima a Pra\u00e7a Maria da Luz Ferreira , quando se deparou com o [&hellip;]<\/p>\n","protected":false},"author":5,"featured_media":244189,"comment_status":"closed","ping_status":"closed","sticky":false,"template":"","format":"standard","meta":{"footnotes":""},"categories":[25,38],"tags":[],"class_list":["post-244192","post","type-post","status-publish","format-standard","has-post-thumbnail","hentry","category-costa-rica","category-policia"],"_links":{"self":[{"href":"https:\/\/www.ocorreionews.com.br\/acervo-correio\/index.php?rest_route=\/wp\/v2\/posts\/244192","targetHints":{"allow":["GET"]}}],"collection":[{"href":"https:\/\/www.ocorreionews.com.br\/acervo-correio\/index.php?rest_route=\/wp\/v2\/posts"}],"about":[{"href":"https:\/\/www.ocorreionews.com.br\/acervo-correio\/index.php?rest_route=\/wp\/v2\/types\/post"}],"author":[{"embeddable":true,"href":"https:\/\/www.ocorreionews.com.br\/acervo-correio\/index.php?rest_route=\/wp\/v2\/users\/5"}],"replies":[{"embeddable":true,"href":"https:\/\/www.ocorreionews.com.br\/acervo-correio\/index.php?rest_route=%2Fwp%2Fv2%2Fcomments&post=244192"}],"version-history":[{"count":1,"href":"https:\/\/www.ocorreionews.com.br\/acervo-correio\/index.php?rest_route=\/wp\/v2\/posts\/244192\/revisions"}],"predecessor-version":[{"id":244193,"href":"https:\/\/www.ocorreionews.com.br\/acervo-correio\/index.php?rest_route=\/wp\/v2\/posts\/244192\/revisions\/244193"}],"wp:featuredmedia":[{"embeddable":true,"href":"https:\/\/www.ocorreionews.com.br\/acervo-correio\/index.php?rest_route=\/wp\/v2\/media\/244189"}],"wp:attachment":[{"href":"https:\/\/www.ocorreionews.com.br\/acervo-correio\/index.php?rest_route=%2Fwp%2Fv2%2Fmedia&parent=244192"}],"wp:term":[{"taxonomy":"category","embeddable":true,"href":"https:\/\/www.ocorreionews.com.br\/acervo-correio\/index.php?rest_route=%2Fwp%2Fv2%2Fcategories&post=244192"},{"taxonomy":"post_tag","embeddable":true,"href":"https:\/\/www.ocorreionews.com.br\/acervo-correio\/index.php?rest_route=%2Fwp%2Fv2%2Ftags&post=244192"}],"curies":[{"name":"wp","href":"https:\/\/api.w.org\/{rel}","templated":true}]}}