{"id":244203,"date":"2023-07-03T09:16:25","date_gmt":"2023-07-03T13:16:25","guid":{"rendered":"https:\/\/www.ocorreionews.com.br\/acervo-correio\/?p=244203"},"modified":"2023-07-03T09:16:25","modified_gmt":"2023-07-03T13:16:25","slug":"vigilancia-sanitaria-realiza-reuniao-com-proprietarios-de-tabacarias-para-adequacao-de-normas-sanitarias","status":"publish","type":"post","link":"https:\/\/www.ocorreionews.com.br\/acervo-correio\/?p=244203","title":{"rendered":"Vigil\u00e2ncia sanit\u00e1ria realiza reuni\u00e3o com propriet\u00e1rios de tabacarias para adequa\u00e7\u00e3o de normas sanit\u00e1rias"},"content":{"rendered":"<p style=\"font-weight: 400;\">A Prefeitura de Chapad\u00e3o do Sul atrav\u00e9s da Secretaria de Sa\u00fade e a Vigil\u00e2ncia Sanit\u00e1ria, realizou uma reuni\u00e3o, no dia 23 de junho, no Pa\u00e7o Municipal, com os propriet\u00e1rios de tabacarias e de locais recintos fechados para fumar, para adequa\u00e7\u00e3o as normas sanit\u00e1rias.<\/p>\n<p style=\"font-weight: 400;\">Com objetivo de orientar os propriet\u00e1rios das a\u00e7\u00f5es de fiscaliza\u00e7\u00f5es nos estabelecimento: sobre a proibi\u00e7\u00e3o de menores nos\u00a0 locais e venda de produto aos mesmos, sobre a proibi\u00e7\u00e3o de comercio de alguns produtos que n\u00e3o podem ser vendidos nas tabacarias ( produtos importados sem autoriza\u00e7\u00e3o da ANVISA e cigarros eletr\u00f4nicos, VAPE) , exposi\u00e7\u00e3o dos\u00a0 produtos fum\u00edgeros em locais\u00a0 exclusivo para venda e junto obrigatoriedade das\u00a0 mensagens de advert\u00eancia dos malef\u00edcios do tabaco e os locais de recinto fechado para uso de tabaco, devem ter isolamento e com ventila\u00e7\u00e3o e exaust\u00e3o do ar nos locais. Conforme a RDC N\u00b0 62, ANVISA, DECRETO LEI\u00a0 N\u00b0 8262, 13\/05\/14, RDC N\u00b0 213\/ ANVISA e ORIENTA\u00c7AO\u00a0 DE SERVI\u00c7OS N\u00b0 001\/SUTOX\/ANVISA.<\/p>\n<p style=\"font-weight: 400;\">A Vigil\u00e2ncia Sanit\u00e1ria vai realizar as fiscaliza\u00e7\u00f5es nos estabelecimentos, para o cumprimento das normas sanit\u00e1rias, a fim de, garantir a seguran\u00e7a e evitar maiores problemas com a popula\u00e7\u00e3o e propriet\u00e1rios.<\/p>\n<p>&nbsp;<\/p>\n<p>&nbsp;<\/p>\n<p>*Assecom PMCS<\/p>\n","protected":false},"excerpt":{"rendered":"<p>A Prefeitura de Chapad\u00e3o do Sul atrav\u00e9s da Secretaria de Sa\u00fade e a Vigil\u00e2ncia Sanit\u00e1ria, realizou uma reuni\u00e3o, no dia 23 de junho, no Pa\u00e7o Municipal, com os propriet\u00e1rios de tabacarias e de locais recintos fechados para fumar, para adequa\u00e7\u00e3o as normas sanit\u00e1rias. Com objetivo de orientar os propriet\u00e1rios das a\u00e7\u00f5es de fiscaliza\u00e7\u00f5es nos estabelecimento: [&hellip;]<\/p>\n","protected":false},"author":5,"featured_media":244206,"comment_status":"closed","ping_status":"closed","sticky":false,"template":"","format":"standard","meta":{"footnotes":""},"categories":[23],"tags":[],"class_list":["post-244203","post","type-post","status-publish","format-standard","has-post-thumbnail","hentry","category-chapadao-do-sul"],"_links":{"self":[{"href":"https:\/\/www.ocorreionews.com.br\/acervo-correio\/index.php?rest_route=\/wp\/v2\/posts\/244203","targetHints":{"allow":["GET"]}}],"collection":[{"href":"https:\/\/www.ocorreionews.com.br\/acervo-correio\/index.php?rest_route=\/wp\/v2\/posts"}],"about":[{"href":"https:\/\/www.ocorreionews.com.br\/acervo-correio\/index.php?rest_route=\/wp\/v2\/types\/post"}],"author":[{"embeddable":true,"href":"https:\/\/www.ocorreionews.com.br\/acervo-correio\/index.php?rest_route=\/wp\/v2\/users\/5"}],"replies":[{"embeddable":true,"href":"https:\/\/www.ocorreionews.com.br\/acervo-correio\/index.php?rest_route=%2Fwp%2Fv2%2Fcomments&post=244203"}],"version-history":[{"count":1,"href":"https:\/\/www.ocorreionews.com.br\/acervo-correio\/index.php?rest_route=\/wp\/v2\/posts\/244203\/revisions"}],"predecessor-version":[{"id":244207,"href":"https:\/\/www.ocorreionews.com.br\/acervo-correio\/index.php?rest_route=\/wp\/v2\/posts\/244203\/revisions\/244207"}],"wp:featuredmedia":[{"embeddable":true,"href":"https:\/\/www.ocorreionews.com.br\/acervo-correio\/index.php?rest_route=\/wp\/v2\/media\/244206"}],"wp:attachment":[{"href":"https:\/\/www.ocorreionews.com.br\/acervo-correio\/index.php?rest_route=%2Fwp%2Fv2%2Fmedia&parent=244203"}],"wp:term":[{"taxonomy":"category","embeddable":true,"href":"https:\/\/www.ocorreionews.com.br\/acervo-correio\/index.php?rest_route=%2Fwp%2Fv2%2Fcategories&post=244203"},{"taxonomy":"post_tag","embeddable":true,"href":"https:\/\/www.ocorreionews.com.br\/acervo-correio\/index.php?rest_route=%2Fwp%2Fv2%2Ftags&post=244203"}],"curies":[{"name":"wp","href":"https:\/\/api.w.org\/{rel}","templated":true}]}}