{"id":244211,"date":"2023-07-03T09:22:51","date_gmt":"2023-07-03T13:22:51","guid":{"rendered":"https:\/\/www.ocorreionews.com.br\/acervo-correio\/?p=244211"},"modified":"2023-07-03T09:22:51","modified_gmt":"2023-07-03T13:22:51","slug":"ubs-aristoteles-garcia-vida-de-paraiso-das-aguas-amplia-o-horario-de-atendimento-durante-teste","status":"publish","type":"post","link":"https:\/\/www.ocorreionews.com.br\/acervo-correio\/?p=244211","title":{"rendered":"UBS Arist\u00f3teles Garcia Vida de Para\u00edso das \u00c1guas amplia o hor\u00e1rio de atendimento durante teste"},"content":{"rendered":"<p>A Prefeitura de Para\u00edso das \u00c1guas por meio da Secretaria Municipal de Sa\u00fade, empenhada em tornar o servi\u00e7o de sa\u00fade ainda mais acess\u00edvel \u00e0 popula\u00e7\u00e3o, informa que ser\u00e3o implementados, em fase de teste, novos hor\u00e1rios de atendimento m\u00e9dico na Unidade B\u00e1sica de Sa\u00fade \u201cArist\u00f3teles Garcia Vida\u201d.<\/p>\n<p>Sendo assim, a partir desta segunda-feira (03) at\u00e9 o dia 21 de julho, o atendimento na unidade ter\u00e1 in\u00edcio \u00e0s 7 horas da manh\u00e3 estendendo-se at\u00e9 as 19 horas, sem intervalo para o almo\u00e7o.<\/p>\n<p>Vale lembrar que este hor\u00e1rio teste vale apenas para atendimentos m\u00e9dicos. Outros servi\u00e7os como vacinas continuam sendo realizados no hor\u00e1rio padr\u00e3o.<\/p>\n<p>De acordo com o Prefeito An\u00edzio Andrade esta \u00e9 mais uma estrat\u00e9gia de toda a equipe de sa\u00fade do executivo municipal para estar cada vez mais presente no acompanhamento de seus pacientes.<\/p>\n<p>\u201cEsse per\u00edodo teste ser\u00e1 extremamente importante para entendermos a demanda da popula\u00e7\u00e3o principalmente em hor\u00e1rios fora do conhecido <em>hor\u00e1rio comercial<\/em>. Nosso objetivo \u00e9 levar mais conforto e aten\u00e7\u00e3o \u00e0 popula\u00e7\u00e3o paraisense\u201d, afirmou o prefeito.<\/p>\n<p>&nbsp;<\/p>\n<p>&nbsp;<\/p>\n<p>*Assecom PMPA<\/p>\n","protected":false},"excerpt":{"rendered":"<p>A Prefeitura de Para\u00edso das \u00c1guas por meio da Secretaria Municipal de Sa\u00fade, empenhada em tornar o servi\u00e7o de sa\u00fade ainda mais acess\u00edvel \u00e0 popula\u00e7\u00e3o, informa que ser\u00e3o implementados, em fase de teste, novos hor\u00e1rios de atendimento m\u00e9dico na Unidade B\u00e1sica de Sa\u00fade \u201cArist\u00f3teles Garcia Vida\u201d. Sendo assim, a partir desta segunda-feira (03) at\u00e9 o [&hellip;]<\/p>\n","protected":false},"author":5,"featured_media":211604,"comment_status":"closed","ping_status":"closed","sticky":false,"template":"","format":"standard","meta":{"footnotes":""},"categories":[41,36],"tags":[],"class_list":["post-244211","post","type-post","status-publish","format-standard","has-post-thumbnail","hentry","category-destaque","category-paraiso-das-aguas"],"_links":{"self":[{"href":"https:\/\/www.ocorreionews.com.br\/acervo-correio\/index.php?rest_route=\/wp\/v2\/posts\/244211","targetHints":{"allow":["GET"]}}],"collection":[{"href":"https:\/\/www.ocorreionews.com.br\/acervo-correio\/index.php?rest_route=\/wp\/v2\/posts"}],"about":[{"href":"https:\/\/www.ocorreionews.com.br\/acervo-correio\/index.php?rest_route=\/wp\/v2\/types\/post"}],"author":[{"embeddable":true,"href":"https:\/\/www.ocorreionews.com.br\/acervo-correio\/index.php?rest_route=\/wp\/v2\/users\/5"}],"replies":[{"embeddable":true,"href":"https:\/\/www.ocorreionews.com.br\/acervo-correio\/index.php?rest_route=%2Fwp%2Fv2%2Fcomments&post=244211"}],"version-history":[{"count":1,"href":"https:\/\/www.ocorreionews.com.br\/acervo-correio\/index.php?rest_route=\/wp\/v2\/posts\/244211\/revisions"}],"predecessor-version":[{"id":244212,"href":"https:\/\/www.ocorreionews.com.br\/acervo-correio\/index.php?rest_route=\/wp\/v2\/posts\/244211\/revisions\/244212"}],"wp:featuredmedia":[{"embeddable":true,"href":"https:\/\/www.ocorreionews.com.br\/acervo-correio\/index.php?rest_route=\/wp\/v2\/media\/211604"}],"wp:attachment":[{"href":"https:\/\/www.ocorreionews.com.br\/acervo-correio\/index.php?rest_route=%2Fwp%2Fv2%2Fmedia&parent=244211"}],"wp:term":[{"taxonomy":"category","embeddable":true,"href":"https:\/\/www.ocorreionews.com.br\/acervo-correio\/index.php?rest_route=%2Fwp%2Fv2%2Fcategories&post=244211"},{"taxonomy":"post_tag","embeddable":true,"href":"https:\/\/www.ocorreionews.com.br\/acervo-correio\/index.php?rest_route=%2Fwp%2Fv2%2Ftags&post=244211"}],"curies":[{"name":"wp","href":"https:\/\/api.w.org\/{rel}","templated":true}]}}