{"id":244213,"date":"2023-07-03T09:26:16","date_gmt":"2023-07-03T13:26:16","guid":{"rendered":"https:\/\/www.ocorreionews.com.br\/acervo-correio\/?p=244213"},"modified":"2023-07-03T09:26:16","modified_gmt":"2023-07-03T13:26:16","slug":"crec-vence-o-1o-jogo-da-final-do-sub-16-e-segue-invicto-para-a-decisao-em-casa","status":"publish","type":"post","link":"https:\/\/www.ocorreionews.com.br\/acervo-correio\/?p=244213","title":{"rendered":"CREC vence o 1\u00ba jogo da final do Sub 16 e segue invicto para a decis\u00e3o em casa"},"content":{"rendered":"<div class=\"ntc_cont_descricao_noticia sw_txteditor\">No \u00faltimo domingo (2), o Costa Rica Esporte Clube (CREC) foi at\u00e9 Dourados\/MS para disputar o primeiro jogo da final do Campeonato Estadual Sub 16 contra o Instituto AEFA (Associa\u00e7\u00e3o da Escolinha de Futebol Amantino). Em uma partida emocionante, a equipe do CREC saiu vitoriosa pelo placar de 3 a 1. Os gols foram marcados por Lucas Juliano, Juninho e Pel\u00e9.<\/p>\n<p>A partida aconteceu no Est\u00e1dio Dourad\u00e3o e contou com a presen\u00e7a de um p\u00fablico animado e apaixonado pelo futebol. O time do CREC mostrou um excelente desempenho, demonstrando disciplina t\u00e1tica e muita garra em campo. Os jogadores souberam aproveitar as oportunidades e converteram em gols, garantindo a vit\u00f3ria.<\/p>\n<p>Com esse resultado, a Cobra do Norte segue invicta na competi\u00e7\u00e3o e chega com muita confian\u00e7a para a grande final, que ser\u00e1 realizada no pr\u00f3ximo domingo (9), \u00e0s 15 horas, no Est\u00e1dio Laert\u00e3o, em Costa Rica\/MS. A entrada ser\u00e1 franca, e espera-se que a torcida compare\u00e7a em peso para prestigiar essa partida imperd\u00edvel, que definir\u00e1 o campe\u00e3o do campeonato.<\/p>\n<p>O time do Costa Rica entrou em campo com uma forma\u00e7\u00e3o s\u00f3lida e bastante entrosada. O t\u00e9cnico Marcos, mais conhecido como tikinho, escalou a equipe da seguinte forma: Dani no gol, Cau\u00ea, Piau\u00ed, Fabricio e Kesley na defesa, Lucas Juliano, Juninho, Arthur e Pocon\u00e9 no meio-campo, e Pedro e Pel\u00e9 no ataque. No banco de reservas, estavam Rafael, Felip, Jo\u00e3o Eduardo, Guilherme, Gui, Alex, Ruan, Matheus, Paulo, Pedr\u00e3o e Jo\u00e3o.<\/p>\n<p>Al\u00e9m do t\u00e9cnico Marcos (tikinho), a comiss\u00e3o t\u00e9cnica que acompanhou o time em Dourados \u00e9 formada pelo preparador f\u00edsico Mauricio Pereira da Cunha, preparador de goleiros Ederson Vinicius Freitas, massagista Thais Ol\u00edmpio Fagundes e roupeiro Edimar da Silva. Juntos, eles t\u00eam trabalhado incansavelmente para preparar o time e garantir que estejam nas melhores condi\u00e7\u00f5es f\u00edsicas e mentais para enfrentarem os desafios da competi\u00e7\u00e3o.<\/p>\n<p>A expectativa para a final \u00e9 grande. O Costa Rica Esporte Clube est\u00e1 determinado a conquistar o t\u00edtulo estadual Sub 16 e, para isso, conta com o apoio de sua torcida apaixonada. Acredita-se que ser\u00e1 uma partida eletrizante, repleta de emo\u00e7\u00f5es e lances de tirar o f\u00f4lego. Os jogadores est\u00e3o confiantes e prontos para darem o seu melhor dentro de campo.<\/p>\n<p>\u201cEstamos felizes. Que ven\u00e7a o melhor! E que o futebol continue a ser um instrumento de uni\u00e3o, divers\u00e3o e aprendizado para todos os envolvidos nessa competi\u00e7\u00e3o\u201d, enalteceu o t\u00e9cnico Marcos (tikinho).<\/p><\/div>\n<div><\/div>\n<div class=\"ntc_cont_descricao_noticia sw_txteditor\"><img decoding=\"async\" class=\"imgcentraliza\" src=\"https:\/\/www.costarica.ms.gov.br\/fotos\/a01da67d0295f5ecabecde792756fd54.jpg\" alt=\"Foto Noticia Principal Grande\" \/>\n<\/div>\n<div class=\"ntc_area_info_noticia sw_lato\">\n<div>\n<div class=\"ntc_info_noticia\"><strong class=\"sw_lato_black\">Fonte: <\/strong>Assessoria de Comunica\u00e7\u00e3o \/ PMCR &#8211; <strong class=\"sw_lato_black\">\u00a0<\/strong>Silvestre de Castro<\/div>\n<\/div>\n<\/div>\n","protected":false},"excerpt":{"rendered":"<p>No \u00faltimo domingo (2), o Costa Rica Esporte Clube (CREC) foi at\u00e9 Dourados\/MS para disputar o primeiro jogo da final do Campeonato Estadual Sub 16 contra o Instituto AEFA (Associa\u00e7\u00e3o da Escolinha de Futebol Amantino). Em uma partida emocionante, a equipe do CREC saiu vitoriosa pelo placar de 3 a 1. Os gols foram marcados [&hellip;]<\/p>\n","protected":false},"author":5,"featured_media":244214,"comment_status":"closed","ping_status":"closed","sticky":false,"template":"","format":"standard","meta":{"footnotes":""},"categories":[25,29],"tags":[],"class_list":["post-244213","post","type-post","status-publish","format-standard","has-post-thumbnail","hentry","category-costa-rica","category-esporte"],"_links":{"self":[{"href":"https:\/\/www.ocorreionews.com.br\/acervo-correio\/index.php?rest_route=\/wp\/v2\/posts\/244213","targetHints":{"allow":["GET"]}}],"collection":[{"href":"https:\/\/www.ocorreionews.com.br\/acervo-correio\/index.php?rest_route=\/wp\/v2\/posts"}],"about":[{"href":"https:\/\/www.ocorreionews.com.br\/acervo-correio\/index.php?rest_route=\/wp\/v2\/types\/post"}],"author":[{"embeddable":true,"href":"https:\/\/www.ocorreionews.com.br\/acervo-correio\/index.php?rest_route=\/wp\/v2\/users\/5"}],"replies":[{"embeddable":true,"href":"https:\/\/www.ocorreionews.com.br\/acervo-correio\/index.php?rest_route=%2Fwp%2Fv2%2Fcomments&post=244213"}],"version-history":[{"count":1,"href":"https:\/\/www.ocorreionews.com.br\/acervo-correio\/index.php?rest_route=\/wp\/v2\/posts\/244213\/revisions"}],"predecessor-version":[{"id":244215,"href":"https:\/\/www.ocorreionews.com.br\/acervo-correio\/index.php?rest_route=\/wp\/v2\/posts\/244213\/revisions\/244215"}],"wp:featuredmedia":[{"embeddable":true,"href":"https:\/\/www.ocorreionews.com.br\/acervo-correio\/index.php?rest_route=\/wp\/v2\/media\/244214"}],"wp:attachment":[{"href":"https:\/\/www.ocorreionews.com.br\/acervo-correio\/index.php?rest_route=%2Fwp%2Fv2%2Fmedia&parent=244213"}],"wp:term":[{"taxonomy":"category","embeddable":true,"href":"https:\/\/www.ocorreionews.com.br\/acervo-correio\/index.php?rest_route=%2Fwp%2Fv2%2Fcategories&post=244213"},{"taxonomy":"post_tag","embeddable":true,"href":"https:\/\/www.ocorreionews.com.br\/acervo-correio\/index.php?rest_route=%2Fwp%2Fv2%2Ftags&post=244213"}],"curies":[{"name":"wp","href":"https:\/\/api.w.org\/{rel}","templated":true}]}}