{"id":244229,"date":"2023-07-03T10:43:31","date_gmt":"2023-07-03T14:43:31","guid":{"rendered":"https:\/\/www.ocorreionews.com.br\/acervo-correio\/?p=244229"},"modified":"2023-07-03T11:12:46","modified_gmt":"2023-07-03T15:12:46","slug":"ao-saber-de-traicao-marido-agride-esposa-viaja-por-1h-e-mata-suposto-amante-em-fazenda-de-ms","status":"publish","type":"post","link":"https:\/\/www.ocorreionews.com.br\/acervo-correio\/?p=244229","title":{"rendered":"Marido traido agride esposa, viaja por 1h e mata suposto amante em fazenda de MS"},"content":{"rendered":"<div id=\"chunk-2digc\">\n<div class=\"mc-column content-text active-extra-styles \" data-block-type=\"unstyled\" data-block-weight=\"43\" data-block-id=\"3\">\n<p class=\"content-text__container \" data-track-category=\"Link no Texto\" data-track-links=\"\">Homem identificado como A. V. \u00e9 suspeito de matar o empres\u00e1rio do ramo agropecu\u00e1rio Gilbert Maciel Nogueira, de 60 anos, em Jardim (MS). O corpo da v\u00edtima foi encontrado por funcion\u00e1rios em uma fazenda na \u00e1rea rural da cidade nesta sexta-feira (30).<\/p>\n<p data-track-category=\"Link no Texto\" data-track-links=\"\">\n<\/div>\n<\/div>\n<div class=\"wall protected-content\">\n<div id=\"chunk-dmha7\">\n<div class=\"mc-column content-text active-extra-styles \" data-block-type=\"unstyled\" data-block-weight=\"42\" data-block-id=\"4\">\n<p class=\"content-text__container \" data-track-category=\"Link no Texto\" data-track-links=\"\">De acordo com as informa\u00e7\u00f5es apuradas junto \u00e0s Pol\u00edcias Civil e Militar de Jardim, o crime teria motiva\u00e7\u00e3o passional. Conforme apurado, A., que mora em Bonito, viajou por cerca de 1 hora ap\u00f3s descobrir que era tra\u00eddo pela esposa com Gilbert.<\/p>\n<p data-track-category=\"Link no Texto\" data-track-links=\"\">Segundo fontes da Pol\u00edcia Militar, A. foi at\u00e9 Jardim para tirar satisfa\u00e7\u00e3o com Gilbert. Na fazenda da v\u00edtima, ambos brigaram. Horas depois, o corpo do idoso foi encontrado com marcas de agress\u00f5es. O suspeito segue foragido.<\/p>\n<\/div>\n<\/div>\n<div id=\"chunk-c3dqq\">\n<div class=\"content-ads content-ads--reveal\" data-block-type=\"ads\" data-block-id=\"6\">\n<div><\/div>\n<\/div>\n<\/div>\n<div id=\"chunk-em6h7\">\n<div class=\"mc-column content-text active-extra-styles \" data-block-type=\"unstyled\" data-block-weight=\"36\" data-block-id=\"7\">\n<p class=\"content-text__container \" data-track-category=\"Link no Texto\" data-track-links=\"\">Assim que viram o corpo do patr\u00e3o, os pr\u00f3prios funcion\u00e1rios de Gilbert acionaram a Pol\u00edcia Militar, que isolou o local at\u00e9 a chegada da Per\u00edcia T\u00e9cnica. Ainda n\u00e3o se sabe como o idoso foi morto.<\/p>\n<p data-track-category=\"Link no Texto\" data-track-links=\"\">\n<\/div>\n<\/div>\n<div id=\"chunk-4bsq9\">\n<div class=\"mc-column content-text active-extra-styles \" data-block-type=\"unstyled\" data-block-weight=\"24\" data-block-id=\"8\">\n<p class=\"content-text__container \" data-track-category=\"Link no Texto\" data-track-links=\"\">Conforme as informa\u00e7\u00f5es da pol\u00edcia, A. agrediu a esposa ap\u00f3s saber da suposta trai\u00e7\u00e3o. O caso \u00e9 investigado pela Pol\u00edcia Civil de Jardim.<\/p>\n<p data-track-category=\"Link no Texto\" data-track-links=\"\">\n<\/div>\n<\/div>\n<div id=\"chunk-cc5le\">\n<div class=\"mc-column content-text active-extra-styles \" data-block-type=\"unstyled\" data-block-weight=\"27\" data-block-id=\"9\">\n<figure id=\"attachment_244230\" aria-describedby=\"caption-attachment-244230\" style=\"width: 537px\" class=\"wp-caption alignnone\"><img loading=\"lazy\" decoding=\"async\" class=\" wp-image-244230\" src=\"https:\/\/www.ocorreionews.com.br\/acervo-correio\/wp-content\/uploads\/2023\/07\/empresairo-gilbert.webp\" alt=\"\" width=\"537\" height=\"286\" srcset=\"https:\/\/www.ocorreionews.com.br\/acervo-correio\/wp-content\/uploads\/2023\/07\/empresairo-gilbert.webp 940w, https:\/\/www.ocorreionews.com.br\/acervo-correio\/wp-content\/uploads\/2023\/07\/empresairo-gilbert-300x160.webp 300w, https:\/\/www.ocorreionews.com.br\/acervo-correio\/wp-content\/uploads\/2023\/07\/empresairo-gilbert-768x409.webp 768w\" sizes=\"auto, (max-width: 537px) 100vw, 537px\" \/><figcaption id=\"caption-attachment-244230\" class=\"wp-caption-text\">Gilbert Maciel Nogueira, de 60 anos<\/figcaption><\/figure>\n<p class=\"content-publication-data__from\" title=\"g1 MS\">Por g1 MS<\/p>\n<p data-track-category=\"Link no Texto\" data-track-links=\"\">\n<\/div>\n<\/div>\n<\/div>\n","protected":false},"excerpt":{"rendered":"<p>Homem identificado como A. V. \u00e9 suspeito de matar o empres\u00e1rio do ramo agropecu\u00e1rio Gilbert Maciel Nogueira, de 60 anos, em Jardim (MS). O corpo da v\u00edtima foi encontrado por funcion\u00e1rios em uma fazenda na \u00e1rea rural da cidade nesta sexta-feira (30). De acordo com as informa\u00e7\u00f5es apuradas junto \u00e0s Pol\u00edcias Civil e Militar de [&hellip;]<\/p>\n","protected":false},"author":5,"featured_media":244231,"comment_status":"closed","ping_status":"closed","sticky":false,"template":"","format":"standard","meta":{"footnotes":""},"categories":[38],"tags":[],"class_list":["post-244229","post","type-post","status-publish","format-standard","has-post-thumbnail","hentry","category-policia"],"_links":{"self":[{"href":"https:\/\/www.ocorreionews.com.br\/acervo-correio\/index.php?rest_route=\/wp\/v2\/posts\/244229","targetHints":{"allow":["GET"]}}],"collection":[{"href":"https:\/\/www.ocorreionews.com.br\/acervo-correio\/index.php?rest_route=\/wp\/v2\/posts"}],"about":[{"href":"https:\/\/www.ocorreionews.com.br\/acervo-correio\/index.php?rest_route=\/wp\/v2\/types\/post"}],"author":[{"embeddable":true,"href":"https:\/\/www.ocorreionews.com.br\/acervo-correio\/index.php?rest_route=\/wp\/v2\/users\/5"}],"replies":[{"embeddable":true,"href":"https:\/\/www.ocorreionews.com.br\/acervo-correio\/index.php?rest_route=%2Fwp%2Fv2%2Fcomments&post=244229"}],"version-history":[{"count":2,"href":"https:\/\/www.ocorreionews.com.br\/acervo-correio\/index.php?rest_route=\/wp\/v2\/posts\/244229\/revisions"}],"predecessor-version":[{"id":244235,"href":"https:\/\/www.ocorreionews.com.br\/acervo-correio\/index.php?rest_route=\/wp\/v2\/posts\/244229\/revisions\/244235"}],"wp:featuredmedia":[{"embeddable":true,"href":"https:\/\/www.ocorreionews.com.br\/acervo-correio\/index.php?rest_route=\/wp\/v2\/media\/244231"}],"wp:attachment":[{"href":"https:\/\/www.ocorreionews.com.br\/acervo-correio\/index.php?rest_route=%2Fwp%2Fv2%2Fmedia&parent=244229"}],"wp:term":[{"taxonomy":"category","embeddable":true,"href":"https:\/\/www.ocorreionews.com.br\/acervo-correio\/index.php?rest_route=%2Fwp%2Fv2%2Fcategories&post=244229"},{"taxonomy":"post_tag","embeddable":true,"href":"https:\/\/www.ocorreionews.com.br\/acervo-correio\/index.php?rest_route=%2Fwp%2Fv2%2Ftags&post=244229"}],"curies":[{"name":"wp","href":"https:\/\/api.w.org\/{rel}","templated":true}]}}