{"id":244237,"date":"2023-07-03T13:40:51","date_gmt":"2023-07-03T17:40:51","guid":{"rendered":"https:\/\/www.ocorreionews.com.br\/acervo-correio\/?p=244237"},"modified":"2023-07-03T13:40:51","modified_gmt":"2023-07-03T17:40:51","slug":"fora-da-escola-nao-pode-criancas-com-04-anos-completos-ate-31-03-e-obrigatorio-estarem-matriculadas-e-frequentando-o-ambiente-escolar","status":"publish","type":"post","link":"https:\/\/www.ocorreionews.com.br\/acervo-correio\/?p=244237","title":{"rendered":"Fora da Escola N\u00e3o Pode: Crian\u00e7as com 04 anos completos at\u00e9 31\/03 \u00e9 obrigat\u00f3rio estarem matriculadas e frequentando o ambiente escolar"},"content":{"rendered":"<p>Prefeitura de Chapad\u00e3o do Sul, atrav\u00e9s da Secretaria de Educa\u00e7\u00e3o e Cultura, alerta aos pais e respons\u00e1veis de crian\u00e7as e adolescentes que \u00e9 obrigat\u00f3ria a matr\u00edcula escolar, e a participa\u00e7\u00e3o nas aulas.<\/p>\n<p>Fora da escola n\u00e3o pode: \u00c9 de responsabilidade dos pais\/fam\u00edlia fazer a matr\u00edcula do seu filho. Pois, \u00e9 um direito da crian\u00e7a estar matriculada e ter acesso \u00e0 educa\u00e7\u00e3o.<\/p>\n<p>Vale ressaltar que a matr\u00edcula \u00e9 obrigat\u00f3ria dos 4 aos 17 anos. Se o seu filho (a) tem essa idade, ou se voc\u00ea conhece alguma crian\u00e7a nessa faixa et\u00e1ria e que n\u00e3o efetuou ainda a matr\u00edcula, entre em contato com a Secretaria Municipal de Educa\u00e7\u00e3o e Cultura.<\/p>\n<p>Ou ainda, se voc\u00ea solicitou a transfer\u00eancia da crian\u00e7a, e n\u00e3o realizou a matr\u00edcula em nenhuma outra escola, REGULARIZE a situa\u00e7\u00e3o o mais urgente poss\u00edvel.<\/p>\n<p>A Secretaria est\u00e1 localizada no Pa\u00e7o Municipal na Av. Onze, n\u00ba 1045, Centro. O telefone para contato \u00e9 (67) 3562-5690 ou (67) 9 9967 9758.<\/p>\n<p>Regularize a situa\u00e7\u00e3o escolar do seu (sua) filho(a), com URG\u00caNCIA.<\/p>\n<p><img loading=\"lazy\" decoding=\"async\" class=\"alignnone size-full wp-image-244238\" src=\"https:\/\/www.ocorreionews.com.br\/acervo-correio\/wp-content\/uploads\/2023\/07\/fora-da-escola-nao-pode.jpg\" alt=\"\" width=\"1600\" height=\"901\" srcset=\"https:\/\/www.ocorreionews.com.br\/acervo-correio\/wp-content\/uploads\/2023\/07\/fora-da-escola-nao-pode.jpg 1600w, https:\/\/www.ocorreionews.com.br\/acervo-correio\/wp-content\/uploads\/2023\/07\/fora-da-escola-nao-pode-300x169.jpg 300w, https:\/\/www.ocorreionews.com.br\/acervo-correio\/wp-content\/uploads\/2023\/07\/fora-da-escola-nao-pode-1024x577.jpg 1024w, https:\/\/www.ocorreionews.com.br\/acervo-correio\/wp-content\/uploads\/2023\/07\/fora-da-escola-nao-pode-768x432.jpg 768w, https:\/\/www.ocorreionews.com.br\/acervo-correio\/wp-content\/uploads\/2023\/07\/fora-da-escola-nao-pode-1536x865.jpg 1536w\" sizes=\"auto, (max-width: 1600px) 100vw, 1600px\" \/><\/p>\n<p>*Assecom PMCS<\/p>\n","protected":false},"excerpt":{"rendered":"<p>Prefeitura de Chapad\u00e3o do Sul, atrav\u00e9s da Secretaria de Educa\u00e7\u00e3o e Cultura, alerta aos pais e respons\u00e1veis de crian\u00e7as e adolescentes que \u00e9 obrigat\u00f3ria a matr\u00edcula escolar, e a participa\u00e7\u00e3o nas aulas. Fora da escola n\u00e3o pode: \u00c9 de responsabilidade dos pais\/fam\u00edlia fazer a matr\u00edcula do seu filho. Pois, \u00e9 um direito da crian\u00e7a estar [&hellip;]<\/p>\n","protected":false},"author":5,"featured_media":244238,"comment_status":"closed","ping_status":"closed","sticky":false,"template":"","format":"standard","meta":{"footnotes":""},"categories":[23,41],"tags":[],"class_list":["post-244237","post","type-post","status-publish","format-standard","has-post-thumbnail","hentry","category-chapadao-do-sul","category-destaque"],"_links":{"self":[{"href":"https:\/\/www.ocorreionews.com.br\/acervo-correio\/index.php?rest_route=\/wp\/v2\/posts\/244237","targetHints":{"allow":["GET"]}}],"collection":[{"href":"https:\/\/www.ocorreionews.com.br\/acervo-correio\/index.php?rest_route=\/wp\/v2\/posts"}],"about":[{"href":"https:\/\/www.ocorreionews.com.br\/acervo-correio\/index.php?rest_route=\/wp\/v2\/types\/post"}],"author":[{"embeddable":true,"href":"https:\/\/www.ocorreionews.com.br\/acervo-correio\/index.php?rest_route=\/wp\/v2\/users\/5"}],"replies":[{"embeddable":true,"href":"https:\/\/www.ocorreionews.com.br\/acervo-correio\/index.php?rest_route=%2Fwp%2Fv2%2Fcomments&post=244237"}],"version-history":[{"count":1,"href":"https:\/\/www.ocorreionews.com.br\/acervo-correio\/index.php?rest_route=\/wp\/v2\/posts\/244237\/revisions"}],"predecessor-version":[{"id":244239,"href":"https:\/\/www.ocorreionews.com.br\/acervo-correio\/index.php?rest_route=\/wp\/v2\/posts\/244237\/revisions\/244239"}],"wp:featuredmedia":[{"embeddable":true,"href":"https:\/\/www.ocorreionews.com.br\/acervo-correio\/index.php?rest_route=\/wp\/v2\/media\/244238"}],"wp:attachment":[{"href":"https:\/\/www.ocorreionews.com.br\/acervo-correio\/index.php?rest_route=%2Fwp%2Fv2%2Fmedia&parent=244237"}],"wp:term":[{"taxonomy":"category","embeddable":true,"href":"https:\/\/www.ocorreionews.com.br\/acervo-correio\/index.php?rest_route=%2Fwp%2Fv2%2Fcategories&post=244237"},{"taxonomy":"post_tag","embeddable":true,"href":"https:\/\/www.ocorreionews.com.br\/acervo-correio\/index.php?rest_route=%2Fwp%2Fv2%2Ftags&post=244237"}],"curies":[{"name":"wp","href":"https:\/\/api.w.org\/{rel}","templated":true}]}}