{"id":244243,"date":"2023-07-03T14:28:06","date_gmt":"2023-07-03T18:28:06","guid":{"rendered":"https:\/\/www.ocorreionews.com.br\/acervo-correio\/?p=244243"},"modified":"2023-07-03T14:28:06","modified_gmt":"2023-07-03T18:28:06","slug":"mulher-e-agredida-e-ameacada-pela-ex-em-paraiso-das-aguas","status":"publish","type":"post","link":"https:\/\/www.ocorreionews.com.br\/acervo-correio\/?p=244243","title":{"rendered":"Mulher \u00e9 agredida e amea\u00e7ada pela ex em Para\u00edso das \u00c1guas"},"content":{"rendered":"<p>No final da tarde deste domingo (02), uma mulher que n\u00e3o teve a identidade revelada, teve sua casa invadida pelo seu ex companheiro que agrediu e amea\u00e7ou \u201cpegar ela novamente\u201d em Para\u00edso das \u00c1guas.<\/p>\n<p>De acordo com informa\u00e7\u00f5es do Boletim de Ocorr\u00eancia, por volta das 17h15, a Pol\u00edcia Militar de Para\u00edso das \u00c1guas, foi acionada via 190, pela v\u00edtima, que informou que seu ex-companheiro tinha acabado de ir at\u00e9 sua resid\u00eancia que fica R. Jose Francisco de Paula e a agredido ela com tapas no seu rosto e chutes no corpo, disse ainda que ele entrou sem avisar e logo depois saiu amea\u00e7ando falando que iria pega-la novamente.<\/p>\n<p>De imediato a Pol\u00edcia realizou as diligencias pela cidade, mas o autor n\u00e3o foi encontrado.<\/p>\n<p>&nbsp;<\/p>\n<p>&nbsp;<\/p>\n<p><em>* O Correio News, com informa\u00e7\u00f5es da Assessoria de comunica\u00e7\u00e3o da 4\u00aaCIPM &#8211; Companhia Independente de Pol\u00edcia Militar.<\/em><\/p>\n","protected":false},"excerpt":{"rendered":"<p>No final da tarde deste domingo (02), uma mulher que n\u00e3o teve a identidade revelada, teve sua casa invadida pelo seu ex companheiro que agrediu e amea\u00e7ou \u201cpegar ela novamente\u201d em Para\u00edso das \u00c1guas. De acordo com informa\u00e7\u00f5es do Boletim de Ocorr\u00eancia, por volta das 17h15, a Pol\u00edcia Militar de Para\u00edso das \u00c1guas, foi acionada [&hellip;]<\/p>\n","protected":false},"author":5,"featured_media":243086,"comment_status":"closed","ping_status":"closed","sticky":false,"template":"","format":"standard","meta":{"footnotes":""},"categories":[36,38],"tags":[],"class_list":["post-244243","post","type-post","status-publish","format-standard","has-post-thumbnail","hentry","category-paraiso-das-aguas","category-policia"],"_links":{"self":[{"href":"https:\/\/www.ocorreionews.com.br\/acervo-correio\/index.php?rest_route=\/wp\/v2\/posts\/244243","targetHints":{"allow":["GET"]}}],"collection":[{"href":"https:\/\/www.ocorreionews.com.br\/acervo-correio\/index.php?rest_route=\/wp\/v2\/posts"}],"about":[{"href":"https:\/\/www.ocorreionews.com.br\/acervo-correio\/index.php?rest_route=\/wp\/v2\/types\/post"}],"author":[{"embeddable":true,"href":"https:\/\/www.ocorreionews.com.br\/acervo-correio\/index.php?rest_route=\/wp\/v2\/users\/5"}],"replies":[{"embeddable":true,"href":"https:\/\/www.ocorreionews.com.br\/acervo-correio\/index.php?rest_route=%2Fwp%2Fv2%2Fcomments&post=244243"}],"version-history":[{"count":1,"href":"https:\/\/www.ocorreionews.com.br\/acervo-correio\/index.php?rest_route=\/wp\/v2\/posts\/244243\/revisions"}],"predecessor-version":[{"id":244246,"href":"https:\/\/www.ocorreionews.com.br\/acervo-correio\/index.php?rest_route=\/wp\/v2\/posts\/244243\/revisions\/244246"}],"wp:featuredmedia":[{"embeddable":true,"href":"https:\/\/www.ocorreionews.com.br\/acervo-correio\/index.php?rest_route=\/wp\/v2\/media\/243086"}],"wp:attachment":[{"href":"https:\/\/www.ocorreionews.com.br\/acervo-correio\/index.php?rest_route=%2Fwp%2Fv2%2Fmedia&parent=244243"}],"wp:term":[{"taxonomy":"category","embeddable":true,"href":"https:\/\/www.ocorreionews.com.br\/acervo-correio\/index.php?rest_route=%2Fwp%2Fv2%2Fcategories&post=244243"},{"taxonomy":"post_tag","embeddable":true,"href":"https:\/\/www.ocorreionews.com.br\/acervo-correio\/index.php?rest_route=%2Fwp%2Fv2%2Ftags&post=244243"}],"curies":[{"name":"wp","href":"https:\/\/api.w.org\/{rel}","templated":true}]}}