{"id":244247,"date":"2023-07-03T14:49:08","date_gmt":"2023-07-03T18:49:08","guid":{"rendered":"https:\/\/www.ocorreionews.com.br\/acervo-correio\/?p=244247"},"modified":"2023-07-03T14:49:08","modified_gmt":"2023-07-03T18:49:08","slug":"armado-com-facas-e-preso-ao-ameacar-matar-homem-que-o-ajudava-a-combater-vicio-em-drogas","status":"publish","type":"post","link":"https:\/\/www.ocorreionews.com.br\/acervo-correio\/?p=244247","title":{"rendered":"Armado com facas \u00e9 preso ao amea\u00e7ar matar homem que o ajudava a combater v\u00edcio em drogas"},"content":{"rendered":"<p>Na noite deste domingo (02), a PM de Chapad\u00e3o do Sul prendeu em flagrante um homem de 50 anos que estava amea\u00e7ando matar outro, quando chegava em sua resid\u00eancia em Chapad\u00e3o do Sul.<\/p>\n<p>Segundo informa\u00e7\u00f5es do Boletim de Ocorr\u00eancia, por volta das 21h45min, a Pol\u00edcia Militar foi acionada pela v\u00edtima um homem de 50 anos, onde relatou aos militares, que ao chegar em sua resid\u00eancia que fica na Avenida Goi\u00e1s, o autor estava em posse de duas facas e vinha na dire\u00e7\u00e3o do mesmo dizendo, \u201choje eu vou te matar\u201d.<\/p>\n<p>A v\u00edtima conseguiu retornar para dentro de sua caminhonete evitando que fosse acertado pelo autor, por\u00e9m sua filha ainda estaria na resid\u00eancia.<\/p>\n<p>Uma guarni\u00e7\u00e3o da PM foi at\u00e9 o local e fizeram revista pessoal no autor das amea\u00e7as, encontrando al\u00e9m das facas, uma por\u00e7\u00e3o de substancia an\u00e1loga a maconha, foi dado voz de pris\u00e3o e assim o autor foi encaminhado para a Delegacia de Pol\u00edcia para os procedimentos cab\u00edveis.<\/p>\n<p>A v\u00edtima relatou aos pol\u00edcias que h\u00e1 algum tempo vem tentando ajudar o autor que seria viciado em entorpecentes, por\u00e9m ele voltou a usar drogas e mudou seu comportamento drasticamente.<\/p>\n<p>&nbsp;<\/p>\n<p>&nbsp;<\/p>\n<p><em>* O Correio News, com informa\u00e7\u00f5es da Assessoria de comunica\u00e7\u00e3o da 4\u00aaCIPM &#8211; Companhia Independente de Pol\u00edcia Militar.<\/em><\/p>\n","protected":false},"excerpt":{"rendered":"<p>Na noite deste domingo (02), a PM de Chapad\u00e3o do Sul prendeu em flagrante um homem de 50 anos que estava amea\u00e7ando matar outro, quando chegava em sua resid\u00eancia em Chapad\u00e3o do Sul. Segundo informa\u00e7\u00f5es do Boletim de Ocorr\u00eancia, por volta das 21h45min, a Pol\u00edcia Militar foi acionada pela v\u00edtima um homem de 50 anos, [&hellip;]<\/p>\n","protected":false},"author":5,"featured_media":229309,"comment_status":"closed","ping_status":"closed","sticky":false,"template":"","format":"standard","meta":{"footnotes":""},"categories":[23,38],"tags":[],"class_list":["post-244247","post","type-post","status-publish","format-standard","has-post-thumbnail","hentry","category-chapadao-do-sul","category-policia"],"_links":{"self":[{"href":"https:\/\/www.ocorreionews.com.br\/acervo-correio\/index.php?rest_route=\/wp\/v2\/posts\/244247","targetHints":{"allow":["GET"]}}],"collection":[{"href":"https:\/\/www.ocorreionews.com.br\/acervo-correio\/index.php?rest_route=\/wp\/v2\/posts"}],"about":[{"href":"https:\/\/www.ocorreionews.com.br\/acervo-correio\/index.php?rest_route=\/wp\/v2\/types\/post"}],"author":[{"embeddable":true,"href":"https:\/\/www.ocorreionews.com.br\/acervo-correio\/index.php?rest_route=\/wp\/v2\/users\/5"}],"replies":[{"embeddable":true,"href":"https:\/\/www.ocorreionews.com.br\/acervo-correio\/index.php?rest_route=%2Fwp%2Fv2%2Fcomments&post=244247"}],"version-history":[{"count":1,"href":"https:\/\/www.ocorreionews.com.br\/acervo-correio\/index.php?rest_route=\/wp\/v2\/posts\/244247\/revisions"}],"predecessor-version":[{"id":244250,"href":"https:\/\/www.ocorreionews.com.br\/acervo-correio\/index.php?rest_route=\/wp\/v2\/posts\/244247\/revisions\/244250"}],"wp:featuredmedia":[{"embeddable":true,"href":"https:\/\/www.ocorreionews.com.br\/acervo-correio\/index.php?rest_route=\/wp\/v2\/media\/229309"}],"wp:attachment":[{"href":"https:\/\/www.ocorreionews.com.br\/acervo-correio\/index.php?rest_route=%2Fwp%2Fv2%2Fmedia&parent=244247"}],"wp:term":[{"taxonomy":"category","embeddable":true,"href":"https:\/\/www.ocorreionews.com.br\/acervo-correio\/index.php?rest_route=%2Fwp%2Fv2%2Fcategories&post=244247"},{"taxonomy":"post_tag","embeddable":true,"href":"https:\/\/www.ocorreionews.com.br\/acervo-correio\/index.php?rest_route=%2Fwp%2Fv2%2Ftags&post=244247"}],"curies":[{"name":"wp","href":"https:\/\/api.w.org\/{rel}","templated":true}]}}