{"id":244254,"date":"2023-07-03T15:11:11","date_gmt":"2023-07-03T19:11:11","guid":{"rendered":"https:\/\/www.ocorreionews.com.br\/acervo-correio\/?p=244254"},"modified":"2023-07-03T15:11:11","modified_gmt":"2023-07-03T19:11:11","slug":"homem-e-preso-por-descumprimento-de-medida-protetiva-de-urgencia-em-costa-rica","status":"publish","type":"post","link":"https:\/\/www.ocorreionews.com.br\/acervo-correio\/?p=244254","title":{"rendered":"Homem \u00e9 preso por descumprimento de medida protetiva de urg\u00eancia em Costa Rica"},"content":{"rendered":"<p>Na manh\u00e3 do \u00faltimo s\u00e1bado (01), o SIG &#8211; Setor de Investiga\u00e7\u00f5es Gerais da Delegacia de Pol\u00edcia Civil de Costa Rica &#8211; MS efetuou o cumprimento de um mandado de pris\u00e3o, expedido no dia anterior pelo juiz da segunda vara criminal de Costa Rica. A ordem judicial estava relacionada ao descumprimento de medida protetiva de urg\u00eancia.<\/p>\n<p>O mandado de pris\u00e3o foi emitido ap\u00f3s o indiv\u00edduo, cuja identidade n\u00e3o foi divulgada para preservar o sigilo, ter desrespeitado uma medida protetiva, que tinha como objetivo salvaguardar a integridade f\u00edsica e emocional de uma v\u00edtima previamente determinada.<\/p>\n<p>O cumprimento do mandado de pris\u00e3o ocorreu de forma tranquila e sem incidentes.<\/p>\n<p>O indiv\u00edduo foi detido pelos policiais civis e encaminhado \u00e0 Delegacia de Pol\u00edcia de Costa Rica, onde foram realizados os procedimentos legais pertinentes e posteriormente, o indiv\u00edduo foi apresentado \u00e0 justi\u00e7a para ado\u00e7\u00e3o das medidas cab\u00edveis.<\/p>\n<p>A a\u00e7\u00e3o demonstra o comprometimento da Pol\u00edcia Civil de Costa Rica em garantir a efetividade das medidas protetivas e a seguran\u00e7a das v\u00edtimas de viol\u00eancia dom\u00e9stica. O descumprimento de tais medidas \u00e9 considerado uma conduta grave e sujeita o infrator \u00e0s consequ\u00eancias legais.<\/p>\n<p>A Delegacia de Pol\u00edcia de Costa Rica reitera seu compromisso em combater a viol\u00eancia dom\u00e9stica e garantir a prote\u00e7\u00e3o das v\u00edtimas, bem como sua colabora\u00e7\u00e3o com o Poder Judici\u00e1rio para a aplica\u00e7\u00e3o da justi\u00e7a. Eventuais den\u00fancias an\u00f4nimas podem ser realizadas pelo telefone\/WhatsApp 67 3247-6500.<\/p>\n<p>&nbsp;<\/p>\n<p>Com informa\u00e7\u00f5es da Pol\u00edcia Civil de Costa Rica<\/p>\n","protected":false},"excerpt":{"rendered":"<p>Na manh\u00e3 do \u00faltimo s\u00e1bado (01), o SIG &#8211; Setor de Investiga\u00e7\u00f5es Gerais da Delegacia de Pol\u00edcia Civil de Costa Rica &#8211; MS efetuou o cumprimento de um mandado de pris\u00e3o, expedido no dia anterior pelo juiz da segunda vara criminal de Costa Rica. A ordem judicial estava relacionada ao descumprimento de medida protetiva de [&hellip;]<\/p>\n","protected":false},"author":5,"featured_media":244256,"comment_status":"closed","ping_status":"closed","sticky":false,"template":"","format":"standard","meta":{"footnotes":""},"categories":[25,38],"tags":[],"class_list":["post-244254","post","type-post","status-publish","format-standard","has-post-thumbnail","hentry","category-costa-rica","category-policia"],"_links":{"self":[{"href":"https:\/\/www.ocorreionews.com.br\/acervo-correio\/index.php?rest_route=\/wp\/v2\/posts\/244254","targetHints":{"allow":["GET"]}}],"collection":[{"href":"https:\/\/www.ocorreionews.com.br\/acervo-correio\/index.php?rest_route=\/wp\/v2\/posts"}],"about":[{"href":"https:\/\/www.ocorreionews.com.br\/acervo-correio\/index.php?rest_route=\/wp\/v2\/types\/post"}],"author":[{"embeddable":true,"href":"https:\/\/www.ocorreionews.com.br\/acervo-correio\/index.php?rest_route=\/wp\/v2\/users\/5"}],"replies":[{"embeddable":true,"href":"https:\/\/www.ocorreionews.com.br\/acervo-correio\/index.php?rest_route=%2Fwp%2Fv2%2Fcomments&post=244254"}],"version-history":[{"count":1,"href":"https:\/\/www.ocorreionews.com.br\/acervo-correio\/index.php?rest_route=\/wp\/v2\/posts\/244254\/revisions"}],"predecessor-version":[{"id":244257,"href":"https:\/\/www.ocorreionews.com.br\/acervo-correio\/index.php?rest_route=\/wp\/v2\/posts\/244254\/revisions\/244257"}],"wp:featuredmedia":[{"embeddable":true,"href":"https:\/\/www.ocorreionews.com.br\/acervo-correio\/index.php?rest_route=\/wp\/v2\/media\/244256"}],"wp:attachment":[{"href":"https:\/\/www.ocorreionews.com.br\/acervo-correio\/index.php?rest_route=%2Fwp%2Fv2%2Fmedia&parent=244254"}],"wp:term":[{"taxonomy":"category","embeddable":true,"href":"https:\/\/www.ocorreionews.com.br\/acervo-correio\/index.php?rest_route=%2Fwp%2Fv2%2Fcategories&post=244254"},{"taxonomy":"post_tag","embeddable":true,"href":"https:\/\/www.ocorreionews.com.br\/acervo-correio\/index.php?rest_route=%2Fwp%2Fv2%2Ftags&post=244254"}],"curies":[{"name":"wp","href":"https:\/\/api.w.org\/{rel}","templated":true}]}}