{"id":244303,"date":"2023-07-04T09:08:10","date_gmt":"2023-07-04T13:08:10","guid":{"rendered":"https:\/\/www.ocorreionews.com.br\/acervo-correio\/?p=244303"},"modified":"2023-07-04T10:05:50","modified_gmt":"2023-07-04T14:05:50","slug":"costarriquense-greik-esta-precisando-ajuda-ele-foi-vitima-de-um-gravissimo-acidente","status":"publish","type":"post","link":"https:\/\/www.ocorreionews.com.br\/acervo-correio\/?p=244303","title":{"rendered":"Costarriquense \u201cGreik\u201d est\u00e1 precisando ajuda. Ele foi v\u00edtima de um grav\u00edssimo acidente"},"content":{"rendered":"<p>Familiares e amigos de \u00a0Ugreiquemar Queiroz conhecido como \u201cGreik\u201d, que sofreu um grave acidente no ultimo dia 04 de junho 2023, na cidade de Costa Rica \u2013 MS, onde teve graves ferimentos e precisou ser encaminhado em Vaga Zero para Capital e se encontra at\u00e9 esta data internado em Campo Grande, est\u00e3o realizando uma Vaguinha Virtual, para arrecadar fundos para auxiliar a fam\u00edlia nos tratamentos m\u00e9dicos e paliativos e principalmente para compra de aparelhagem necess\u00e1rias para levar \u201cGreik\u201d para sua resid\u00eancia.<\/p>\n<p>Quem poder ajudar o \u201cGreik\u201d que \u00e9 bastante conhecido na regi\u00e3o podem fazer doa\u00e7\u00f5es atrav\u00e9s deste link na VAKINHA VIRTUAL, ou atrav\u00e9s do PIX de sua esposa.<\/p>\n<p><strong>PIX<\/strong> &#8211; CPF 047.945.281-40 em nome de Juliana Pimenta Dresch.<\/p>\n<p><strong>Vakinha Virtual &#8211;<a href=\"https:\/\/www.vakinha.com.br\/3852259\"> https:\/\/www.vakinha.com.br\/3852259<\/a><\/strong><\/p>\n<p>Nos pr\u00f3ximos dias familares estar\u00e3o realizando tamb\u00e9m uma rifa de uma novilha.<\/p>\n<p>Relembre abaixo o caso do acidente de &#8220;Greik&#8221;:<\/p>\n<p>https:\/\/www.ocorreionews.com.br\/acervo-correio\/motociclista-fica-ferido-apos-colidir-em-carro-que-invadiu-preferencial-em-costa-rica\/<\/p>\n<p>&nbsp;<\/p>\n<p>&nbsp;<\/p>\n","protected":false},"excerpt":{"rendered":"<p>Familiares e amigos de \u00a0Ugreiquemar Queiroz conhecido como \u201cGreik\u201d, que sofreu um grave acidente no ultimo dia 04 de junho 2023, na cidade de Costa Rica \u2013 MS, onde teve graves ferimentos e precisou ser encaminhado em Vaga Zero para Capital e se encontra at\u00e9 esta data internado em Campo Grande, est\u00e3o realizando uma Vaguinha [&hellip;]<\/p>\n","protected":false},"author":5,"featured_media":244307,"comment_status":"closed","ping_status":"closed","sticky":false,"template":"","format":"standard","meta":{"footnotes":""},"categories":[25],"tags":[],"class_list":["post-244303","post","type-post","status-publish","format-standard","has-post-thumbnail","hentry","category-costa-rica"],"_links":{"self":[{"href":"https:\/\/www.ocorreionews.com.br\/acervo-correio\/index.php?rest_route=\/wp\/v2\/posts\/244303","targetHints":{"allow":["GET"]}}],"collection":[{"href":"https:\/\/www.ocorreionews.com.br\/acervo-correio\/index.php?rest_route=\/wp\/v2\/posts"}],"about":[{"href":"https:\/\/www.ocorreionews.com.br\/acervo-correio\/index.php?rest_route=\/wp\/v2\/types\/post"}],"author":[{"embeddable":true,"href":"https:\/\/www.ocorreionews.com.br\/acervo-correio\/index.php?rest_route=\/wp\/v2\/users\/5"}],"replies":[{"embeddable":true,"href":"https:\/\/www.ocorreionews.com.br\/acervo-correio\/index.php?rest_route=%2Fwp%2Fv2%2Fcomments&post=244303"}],"version-history":[{"count":5,"href":"https:\/\/www.ocorreionews.com.br\/acervo-correio\/index.php?rest_route=\/wp\/v2\/posts\/244303\/revisions"}],"predecessor-version":[{"id":244330,"href":"https:\/\/www.ocorreionews.com.br\/acervo-correio\/index.php?rest_route=\/wp\/v2\/posts\/244303\/revisions\/244330"}],"wp:featuredmedia":[{"embeddable":true,"href":"https:\/\/www.ocorreionews.com.br\/acervo-correio\/index.php?rest_route=\/wp\/v2\/media\/244307"}],"wp:attachment":[{"href":"https:\/\/www.ocorreionews.com.br\/acervo-correio\/index.php?rest_route=%2Fwp%2Fv2%2Fmedia&parent=244303"}],"wp:term":[{"taxonomy":"category","embeddable":true,"href":"https:\/\/www.ocorreionews.com.br\/acervo-correio\/index.php?rest_route=%2Fwp%2Fv2%2Fcategories&post=244303"},{"taxonomy":"post_tag","embeddable":true,"href":"https:\/\/www.ocorreionews.com.br\/acervo-correio\/index.php?rest_route=%2Fwp%2Fv2%2Ftags&post=244303"}],"curies":[{"name":"wp","href":"https:\/\/api.w.org\/{rel}","templated":true}]}}