{"id":244319,"date":"2023-07-04T09:46:45","date_gmt":"2023-07-04T13:46:45","guid":{"rendered":"https:\/\/www.ocorreionews.com.br\/acervo-correio\/?p=244319"},"modified":"2023-07-04T09:46:45","modified_gmt":"2023-07-04T13:46:45","slug":"pm-de-chapadao-do-ceu-liberta-moradora-de-paranaiba-que-foi-sequestrada-pela-ex-namorada","status":"publish","type":"post","link":"https:\/\/www.ocorreionews.com.br\/acervo-correio\/?p=244319","title":{"rendered":"PM de Chapad\u00e3o do C\u00e9u liberta moradora de Parana\u00edba que foi sequestrada pela ex-namorada"},"content":{"rendered":"<p>Na noite desta segunda-feira (03), uma jovem de 26 anos foi presa na cidade de Chapad\u00e3o do C\u00e9u \u2013 GO, por suspeita de sequestrar sua ex-namorada em Parana\u00edba \u2013MS.<\/p>\n<p>Segundo informa\u00e7\u00f5es do Boletim de Ocorr\u00eancia, T\u00e1tico 46\u00b0BPM de Chapad\u00e3o do C\u00e9u, tomaram conhecimento de sequestro ocorrido na cidade de Parana\u00edba que fica a 245 km de cidade goiana, no ultimo domingo (02). Onde a v\u00edtima que n\u00e3o teve a identidade revelada, estava em bar, quando foi surpreendida por tr\u00eas indiv\u00edduos e foi colocada a for\u00e7a em um ve\u00edculo.<\/p>\n<p>Os PMs de Chapad\u00e3o do C\u00e9u com as informa\u00e7\u00f5es repassadas, iniciaram diligencias na cidade e tiveram \u00eaxito em encontrar a v\u00edtima. Ela contou as militares que estava sendo mantida em c\u00e1rcere privado pela sua ex-namorada, que n\u00e3o aceitava o fim do relacionamento.<\/p>\n<p>A autora de 26 anos que tem passagens pela policia por trafico de drogas, recebeu voz de pris\u00e3o e encaminhada para Delegacia de Pol\u00edcia. Os outros dois envolvidos no sequestro um homem e uma mulher foram identificados e est\u00e3o sendo procurados pela pol\u00edcia.<\/p>\n<p>&nbsp;<\/p>\n<p><em>* O Correio News, com informa\u00e7\u00f5es da Assessoria\u00a0 P\/5 do 46\u00b0BPM<\/em><\/p>\n","protected":false},"excerpt":{"rendered":"<p>Na noite desta segunda-feira (03), uma jovem de 26 anos foi presa na cidade de Chapad\u00e3o do C\u00e9u \u2013 GO, por suspeita de sequestrar sua ex-namorada em Parana\u00edba \u2013MS. Segundo informa\u00e7\u00f5es do Boletim de Ocorr\u00eancia, T\u00e1tico 46\u00b0BPM de Chapad\u00e3o do C\u00e9u, tomaram conhecimento de sequestro ocorrido na cidade de Parana\u00edba que fica a 245 km [&hellip;]<\/p>\n","protected":false},"author":5,"featured_media":244320,"comment_status":"closed","ping_status":"closed","sticky":false,"template":"","format":"standard","meta":{"footnotes":""},"categories":[22,38],"tags":[],"class_list":["post-244319","post","type-post","status-publish","format-standard","has-post-thumbnail","hentry","category-chapadao-do-ceu","category-policia"],"_links":{"self":[{"href":"https:\/\/www.ocorreionews.com.br\/acervo-correio\/index.php?rest_route=\/wp\/v2\/posts\/244319","targetHints":{"allow":["GET"]}}],"collection":[{"href":"https:\/\/www.ocorreionews.com.br\/acervo-correio\/index.php?rest_route=\/wp\/v2\/posts"}],"about":[{"href":"https:\/\/www.ocorreionews.com.br\/acervo-correio\/index.php?rest_route=\/wp\/v2\/types\/post"}],"author":[{"embeddable":true,"href":"https:\/\/www.ocorreionews.com.br\/acervo-correio\/index.php?rest_route=\/wp\/v2\/users\/5"}],"replies":[{"embeddable":true,"href":"https:\/\/www.ocorreionews.com.br\/acervo-correio\/index.php?rest_route=%2Fwp%2Fv2%2Fcomments&post=244319"}],"version-history":[{"count":1,"href":"https:\/\/www.ocorreionews.com.br\/acervo-correio\/index.php?rest_route=\/wp\/v2\/posts\/244319\/revisions"}],"predecessor-version":[{"id":244321,"href":"https:\/\/www.ocorreionews.com.br\/acervo-correio\/index.php?rest_route=\/wp\/v2\/posts\/244319\/revisions\/244321"}],"wp:featuredmedia":[{"embeddable":true,"href":"https:\/\/www.ocorreionews.com.br\/acervo-correio\/index.php?rest_route=\/wp\/v2\/media\/244320"}],"wp:attachment":[{"href":"https:\/\/www.ocorreionews.com.br\/acervo-correio\/index.php?rest_route=%2Fwp%2Fv2%2Fmedia&parent=244319"}],"wp:term":[{"taxonomy":"category","embeddable":true,"href":"https:\/\/www.ocorreionews.com.br\/acervo-correio\/index.php?rest_route=%2Fwp%2Fv2%2Fcategories&post=244319"},{"taxonomy":"post_tag","embeddable":true,"href":"https:\/\/www.ocorreionews.com.br\/acervo-correio\/index.php?rest_route=%2Fwp%2Fv2%2Ftags&post=244319"}],"curies":[{"name":"wp","href":"https:\/\/api.w.org\/{rel}","templated":true}]}}