{"id":244323,"date":"2023-07-04T09:55:57","date_gmt":"2023-07-04T13:55:57","guid":{"rendered":"https:\/\/www.ocorreionews.com.br\/acervo-correio\/?p=244323"},"modified":"2023-07-04T09:55:57","modified_gmt":"2023-07-04T13:55:57","slug":"morre-no-hospital-jovem-baleado-em-discussao-por-pipa-em-tres-lagoas","status":"publish","type":"post","link":"https:\/\/www.ocorreionews.com.br\/acervo-correio\/?p=244323","title":{"rendered":"Morre no hospital jovem baleado em discuss\u00e3o por pipa em Tr\u00eas Lagoas"},"content":{"rendered":"<div class=\"elementor-element elementor-element-33095f69 elementor-widget elementor-widget-theme-post-content\" data-id=\"33095f69\" data-element_type=\"widget\" data-widget_type=\"theme-post-content.default\">\n<div class=\"elementor-widget-container\">\n<p>Richard Veigas de Oliveira, de 19 anos, morreu na noite de segunda-feira (3) no Hospital Auxiliadora em Tr\u00eas Lagoas, cidade a 326 km de Campo Grande. Ele estava internado na UTI (Unidade de Terapia Intensiva) depois de ser baleado na nuca durante discuss\u00e3o por causa de pipa na noite de domingo (25 de junho).<\/p>\n<p>O hospital informou que ele passou por uma cirurgia intracraniana para diminuir a press\u00e3o e assim reduzir a hemorragia, mesmo assim o estado continua cr\u00edtico. Durante a interna\u00e7\u00e3o, ele teve pneumonia e a situa\u00e7\u00e3o piorou. Ele faleceu \u00e0s 19h55.<\/p>\n<p>Richard era casado e tinha um filho.<\/p>\n<p>O autor do disparo, conhecido como \u201cBainaninho\u201d continua sendo procurado. Ele fugiu com a arma do crime.<\/p>\n<h2 id=\"h-briga-por-pipa\" class=\"wp-block-heading\">Briga por pipa<\/h2>\n<p>Segundo familiares, a v\u00edtima teria brigado com um homem conhecido pelos vizinhos como \u2018baianinho\u2019. A briga come\u00e7ou ap\u00f3s \u2018baianinho\u2019 tentar agredir o irm\u00e3o mais novo da v\u00edtima, que estava soltando pipa.<\/p>\n<p>Vendo a situa\u00e7\u00e3o, a v\u00edtima defendeu o irm\u00e3o. Assim, o autor saiu e retornou minutos depois j\u00e1 armado, disparando contra a cabe\u00e7a do rapaz que defendeu o irm\u00e3o.<\/p>\n<p>O Samu (Servi\u00e7o de Atendimento M\u00f3vel de Urg\u00eancia) foi acionado, mas a fam\u00edlia acabou socorrendo a v\u00edtima e o encaminhando para o hospital por meios pr\u00f3prios.<\/p>\n<\/div>\n<\/div>\n<p>&nbsp;<\/p>\n<p>*Midiamax, Mirian Machado<\/p>\n","protected":false},"excerpt":{"rendered":"<p>Richard Veigas de Oliveira, de 19 anos, morreu na noite de segunda-feira (3) no Hospital Auxiliadora em Tr\u00eas Lagoas, cidade a 326 km de Campo Grande. Ele estava internado na UTI (Unidade de Terapia Intensiva) depois de ser baleado na nuca durante discuss\u00e3o por causa de pipa na noite de domingo (25 de junho). O [&hellip;]<\/p>\n","protected":false},"author":5,"featured_media":244324,"comment_status":"closed","ping_status":"closed","sticky":false,"template":"","format":"standard","meta":{"footnotes":""},"categories":[143],"tags":[],"class_list":["post-244323","post","type-post","status-publish","format-standard","has-post-thumbnail","hentry","category-regional"],"_links":{"self":[{"href":"https:\/\/www.ocorreionews.com.br\/acervo-correio\/index.php?rest_route=\/wp\/v2\/posts\/244323","targetHints":{"allow":["GET"]}}],"collection":[{"href":"https:\/\/www.ocorreionews.com.br\/acervo-correio\/index.php?rest_route=\/wp\/v2\/posts"}],"about":[{"href":"https:\/\/www.ocorreionews.com.br\/acervo-correio\/index.php?rest_route=\/wp\/v2\/types\/post"}],"author":[{"embeddable":true,"href":"https:\/\/www.ocorreionews.com.br\/acervo-correio\/index.php?rest_route=\/wp\/v2\/users\/5"}],"replies":[{"embeddable":true,"href":"https:\/\/www.ocorreionews.com.br\/acervo-correio\/index.php?rest_route=%2Fwp%2Fv2%2Fcomments&post=244323"}],"version-history":[{"count":1,"href":"https:\/\/www.ocorreionews.com.br\/acervo-correio\/index.php?rest_route=\/wp\/v2\/posts\/244323\/revisions"}],"predecessor-version":[{"id":244328,"href":"https:\/\/www.ocorreionews.com.br\/acervo-correio\/index.php?rest_route=\/wp\/v2\/posts\/244323\/revisions\/244328"}],"wp:featuredmedia":[{"embeddable":true,"href":"https:\/\/www.ocorreionews.com.br\/acervo-correio\/index.php?rest_route=\/wp\/v2\/media\/244324"}],"wp:attachment":[{"href":"https:\/\/www.ocorreionews.com.br\/acervo-correio\/index.php?rest_route=%2Fwp%2Fv2%2Fmedia&parent=244323"}],"wp:term":[{"taxonomy":"category","embeddable":true,"href":"https:\/\/www.ocorreionews.com.br\/acervo-correio\/index.php?rest_route=%2Fwp%2Fv2%2Fcategories&post=244323"},{"taxonomy":"post_tag","embeddable":true,"href":"https:\/\/www.ocorreionews.com.br\/acervo-correio\/index.php?rest_route=%2Fwp%2Fv2%2Ftags&post=244323"}],"curies":[{"name":"wp","href":"https:\/\/api.w.org\/{rel}","templated":true}]}}