{"id":244336,"date":"2023-07-04T13:18:31","date_gmt":"2023-07-04T17:18:31","guid":{"rendered":"https:\/\/www.ocorreionews.com.br\/acervo-correio\/?p=244336"},"modified":"2023-07-04T13:18:31","modified_gmt":"2023-07-04T17:18:31","slug":"prefeito-juvenal-entrega-material-didatico","status":"publish","type":"post","link":"https:\/\/www.ocorreionews.com.br\/acervo-correio\/?p=244336","title":{"rendered":"Prefeito Juvenal entrega material did\u00e1tico"},"content":{"rendered":"<div class=\"x11i5rnm xat24cr x1mh8g0r x1vvkbs xtlvy1s x126k92a\">\n<div dir=\"auto\">O prefeito Juvenal e o secret\u00e1rio de Sa\u00fade Pedro Ubiali, entregaram equipamentos terap\u00eauticos \u00e0 Coordenadora da Cl\u00ednica Municipal de Sa\u00fade, enfermeira Leila Egea,<\/div>\n<div dir=\"auto\"><\/div>\n<\/div>\n<div class=\"x11i5rnm xat24cr x1mh8g0r x1vvkbs xtlvy1s x126k92a\">\n<div dir=\"auto\">Foram entregues mais de 58 tipos de materiais, entre did\u00e1ticos, terap\u00eauticos e educativos, que ir\u00e3o auxiliar nos servi\u00e7os da Fonoaudiologia e Psicoterapia na Cl\u00ednica Municipal de Sa\u00fade.<\/div>\n<div dir=\"auto\"><\/div>\n<\/div>\n<div class=\"x11i5rnm xat24cr x1mh8g0r x1vvkbs xtlvy1s x126k92a\">\n<div dir=\"auto\">Presentes \u00e0 breve cerim\u00f4nia, o prefeito Juvenal, secret\u00e1rio de Sa\u00fade Pedro Ubiali, Coordenadora da Cl\u00ednica Municipal de Sa\u00fade, enfermeira Leila Egea, psic\u00f3logo Dr. Sandro Paiva, fonoaudi\u00f3loga Dra. Viviane Leiko Shiki e vereador Roni Silva, l\u00edder do prefeito na C\u00e2mara de Vereadores.<\/div>\n<div dir=\"auto\"><\/div>\n<\/div>\n<div class=\"x11i5rnm xat24cr x1mh8g0r x1vvkbs xtlvy1s x126k92a\">\n<div dir=\"auto\">Fonte: PMFigueir\u00e3o \u2013 Rubem Vasconcellos<\/div>\n<\/div>\n","protected":false},"excerpt":{"rendered":"<p>O prefeito Juvenal e o secret\u00e1rio de Sa\u00fade Pedro Ubiali, entregaram equipamentos terap\u00eauticos \u00e0 Coordenadora da Cl\u00ednica Municipal de Sa\u00fade, enfermeira Leila Egea, Foram entregues mais de 58 tipos de materiais, entre did\u00e1ticos, terap\u00eauticos e educativos, que ir\u00e3o auxiliar nos servi\u00e7os da Fonoaudiologia e Psicoterapia na Cl\u00ednica Municipal de Sa\u00fade. Presentes \u00e0 breve cerim\u00f4nia, o [&hellip;]<\/p>\n","protected":false},"author":4,"featured_media":244337,"comment_status":"closed","ping_status":"closed","sticky":false,"template":"","format":"standard","meta":{"footnotes":""},"categories":[30],"tags":[],"class_list":["post-244336","post","type-post","status-publish","format-standard","has-post-thumbnail","hentry","category-figueirao"],"_links":{"self":[{"href":"https:\/\/www.ocorreionews.com.br\/acervo-correio\/index.php?rest_route=\/wp\/v2\/posts\/244336","targetHints":{"allow":["GET"]}}],"collection":[{"href":"https:\/\/www.ocorreionews.com.br\/acervo-correio\/index.php?rest_route=\/wp\/v2\/posts"}],"about":[{"href":"https:\/\/www.ocorreionews.com.br\/acervo-correio\/index.php?rest_route=\/wp\/v2\/types\/post"}],"author":[{"embeddable":true,"href":"https:\/\/www.ocorreionews.com.br\/acervo-correio\/index.php?rest_route=\/wp\/v2\/users\/4"}],"replies":[{"embeddable":true,"href":"https:\/\/www.ocorreionews.com.br\/acervo-correio\/index.php?rest_route=%2Fwp%2Fv2%2Fcomments&post=244336"}],"version-history":[{"count":1,"href":"https:\/\/www.ocorreionews.com.br\/acervo-correio\/index.php?rest_route=\/wp\/v2\/posts\/244336\/revisions"}],"predecessor-version":[{"id":244338,"href":"https:\/\/www.ocorreionews.com.br\/acervo-correio\/index.php?rest_route=\/wp\/v2\/posts\/244336\/revisions\/244338"}],"wp:featuredmedia":[{"embeddable":true,"href":"https:\/\/www.ocorreionews.com.br\/acervo-correio\/index.php?rest_route=\/wp\/v2\/media\/244337"}],"wp:attachment":[{"href":"https:\/\/www.ocorreionews.com.br\/acervo-correio\/index.php?rest_route=%2Fwp%2Fv2%2Fmedia&parent=244336"}],"wp:term":[{"taxonomy":"category","embeddable":true,"href":"https:\/\/www.ocorreionews.com.br\/acervo-correio\/index.php?rest_route=%2Fwp%2Fv2%2Fcategories&post=244336"},{"taxonomy":"post_tag","embeddable":true,"href":"https:\/\/www.ocorreionews.com.br\/acervo-correio\/index.php?rest_route=%2Fwp%2Fv2%2Ftags&post=244336"}],"curies":[{"name":"wp","href":"https:\/\/api.w.org\/{rel}","templated":true}]}}