{"id":244340,"date":"2023-07-04T13:45:20","date_gmt":"2023-07-04T17:45:20","guid":{"rendered":"https:\/\/www.ocorreionews.com.br\/acervo-correio\/?p=244340"},"modified":"2023-07-04T13:45:20","modified_gmt":"2023-07-04T17:45:20","slug":"escolas-da-zona-rural-de-chapadao-do-sul-participam-do-projeto-camara-vai-a-escola","status":"publish","type":"post","link":"https:\/\/www.ocorreionews.com.br\/acervo-correio\/?p=244340","title":{"rendered":"Escolas da zona rural de Chapad\u00e3o do Sul participam do projeto \u201cC\u00e2mara Vai \u00e0 Escola\u201d"},"content":{"rendered":"<p dir=\"ltr\">Nesta segunda-feira (2) aconteceu na C\u00e2mara Municipal de Chapad\u00e3o do Sul a primeira Sess\u00e3o Ordin\u00e1ria de julho. Os parlamentares receberam alunos de duas escolas rurais de Chapad\u00e3o do Sul, a Escola Municipal Aroeira e a Escola Municipal Pedra Branca, que \u00e9 extens\u00e3o da Escola Estadual Jorge Amado, no espa\u00e7o reservado ao projeto \u201cC\u00e2mara Vai \u00e0 Escola\u201d.<\/p>\n<p dir=\"ltr\">Pedro Miguel Pereira dos Santos, representou a escola Aroeira e em seu discurso, solicitou a reforma da escola, que segundo o aluno, precisa de reparos nos banheiros, como substitui\u00e7\u00e3o de pias, azulejos e a constru\u00e7\u00e3o de mais boxes para sanit\u00e1rios. O aluno tamb\u00e9m pediu que fossem feitas a pintura de toda a escola e a reforma da quadra de esportes. \u201cEla apresenta rachaduras em sua estrutura, podendo provocar acidentes e ferimentos aos alunos e professores. A constru\u00e7\u00e3o de paredes que isolem a quadra, para proteger os alunos de ventos, chuva e calor, tamb\u00e9m seria importante\u201d, destacou Pedro.<\/p>\n<p dir=\"ltr\"><img loading=\"lazy\" decoding=\"async\" class=\"alignnone size-full wp-image-244349\" src=\"https:\/\/www.ocorreionews.com.br\/acervo-correio\/wp-content\/uploads\/2023\/07\/Pedro-miguel.jpg\" alt=\"\" width=\"1080\" height=\"720\" srcset=\"https:\/\/www.ocorreionews.com.br\/acervo-correio\/wp-content\/uploads\/2023\/07\/Pedro-miguel.jpg 1080w, https:\/\/www.ocorreionews.com.br\/acervo-correio\/wp-content\/uploads\/2023\/07\/Pedro-miguel-300x200.jpg 300w, https:\/\/www.ocorreionews.com.br\/acervo-correio\/wp-content\/uploads\/2023\/07\/Pedro-miguel-1024x683.jpg 1024w, https:\/\/www.ocorreionews.com.br\/acervo-correio\/wp-content\/uploads\/2023\/07\/Pedro-miguel-768x512.jpg 768w\" sizes=\"auto, (max-width: 1080px) 100vw, 1080px\" \/><\/p>\n<p dir=\"ltr\">Pedro Miguel finalizou seu discurso pedindo aten\u00e7\u00e3o \u00e0 casa dos professores, que t\u00eam ficado sem abastecimento de \u00e1gua em alguns per\u00edodos. O aluno sugeriu que seja constru\u00eddo um po\u00e7o artesiano para que os docentes n\u00e3o fiquem sem \u00e1gua para consumo e, agradeceu a oportunidade de participar do projeto. \u201cAgrade\u00e7o, em nome da equipe da escola, o convite para estarmos aqui. Esperamos os excelent\u00edssimos vereadores para conferir as nossas indica\u00e7\u00f5es apresentadas aqui\u201d, disse.<\/p>\n<p dir=\"ltr\"><img loading=\"lazy\" decoding=\"async\" class=\"alignnone size-full wp-image-244350\" src=\"https:\/\/www.ocorreionews.com.br\/acervo-correio\/wp-content\/uploads\/2023\/07\/Rubiana.jpg\" alt=\"\" width=\"1080\" height=\"720\" srcset=\"https:\/\/www.ocorreionews.com.br\/acervo-correio\/wp-content\/uploads\/2023\/07\/Rubiana.jpg 1080w, https:\/\/www.ocorreionews.com.br\/acervo-correio\/wp-content\/uploads\/2023\/07\/Rubiana-300x200.jpg 300w, https:\/\/www.ocorreionews.com.br\/acervo-correio\/wp-content\/uploads\/2023\/07\/Rubiana-1024x683.jpg 1024w, https:\/\/www.ocorreionews.com.br\/acervo-correio\/wp-content\/uploads\/2023\/07\/Rubiana-768x512.jpg 768w\" sizes=\"auto, (max-width: 1080px) 100vw, 1080px\" \/><\/p>\n<p dir=\"ltr\">Rubiana Alves de Oliveira, foi a representante da Escola Municipal Pedra Branca. Na tribuna, a aluna destacou uma necessidade que a comunidade rural tem. Ela solicitou que o caminh\u00e3o de coleta de lixo passe na zona rural ao menos uma vez por semana, pois o lixo gerado na escola e nas propriedades rurais \u00e9 descartado de forma impr\u00f3pria e, em alguns casos, acaba sendo queimado, colocando em risco a sa\u00fade das pessoas e causando polui\u00e7\u00e3o no meio ambiente com os gases t\u00f3xicos liberados durante a queima desses res\u00edduos.<\/p>\n<p>Rubiana tamb\u00e9m solicitou que sejam implantados cursos profissionalizantes voltados para a \u00e1rea do campo, a instala\u00e7\u00e3o de roteadores nas salas de aulas que s\u00e3o multisseriadas, ocupada simultaneamente por tr\u00eas turmas. A estudante explicou que, enquanto os professores passam a mat\u00e9ria na lousa para uma turma, outra est\u00e1 com material impresso e, a turma que fica com a parte das pesquisas, nunca consegue concluir durante a aula, porque o sinal de internet n\u00e3o chega at\u00e9 as salas de aula.<\/p>\n<p>Para encerrar seu discurso, Rubiana pediu para que seja feita a coloca\u00e7\u00e3o de toldos na \u00e1rea do refeit\u00f3rio, para proteger alunos e professores de chuvas, ventos e sol e promover conforto e seguran\u00e7a durante as refei\u00e7\u00f5es. Agradeceu a oportunidade em poder participar do projeto, e fez um agradecimento especial ao vereador Mika que j\u00e1 fez o pedido para instala\u00e7\u00e3o do toldo.<\/p>\n<p dir=\"ltr\">Airton Ant\u00f4nio Schwantes (Tucano), presidente da C\u00e2mara de Vereadores, agradeceu a participa\u00e7\u00e3o das escolas e seus representantes. O vereador Tucano ressaltou ainda que, neste ano, fez quest\u00e3o que todos os vereadores participassem do projeto \u201cC\u00e2mara Vai \u00e0 Escola\u201d.<\/p>\n<p dir=\"ltr\">\u201cQuero parabenizar os professores pela dedica\u00e7\u00e3o, seus diretores e coordenadores pelo trabalho que v\u00eam fazendo nessa escola rurais. Quero dizer que essas indica\u00e7\u00f5es que voc\u00eas apresentaram para a gente, s\u00e3o de suma import\u00e2ncia, porque a gente n\u00e3o est\u00e1 no dia a dia para saber quais s\u00e3o as necessidades de cada regi\u00e3o, de cada escola, destacou o presidente.<\/p>\n<p>Na pr\u00f3xima segunda-feira, 10 de julho, ser\u00e3o realizadas as \u00faltimas sess\u00f5es antes do recesso parlamentar. Acompanhe as redes sociais da C\u00e2mara Municipal de Chapad\u00e3o do Sul, onde s\u00e3o divulgados os hor\u00e1rios das sess\u00f5es e o trabalho feito pelos vereadores, para o desenvolvimento de Chapad\u00e3o do Sul.<\/p>\n<p><img loading=\"lazy\" decoding=\"async\" class=\"alignnone size-full wp-image-244348\" src=\"https:\/\/www.ocorreionews.com.br\/acervo-correio\/wp-content\/uploads\/2023\/07\/alunos-e-vereadores-1.jpg\" alt=\"\" width=\"1080\" height=\"720\" srcset=\"https:\/\/www.ocorreionews.com.br\/acervo-correio\/wp-content\/uploads\/2023\/07\/alunos-e-vereadores-1.jpg 1080w, https:\/\/www.ocorreionews.com.br\/acervo-correio\/wp-content\/uploads\/2023\/07\/alunos-e-vereadores-1-300x200.jpg 300w, https:\/\/www.ocorreionews.com.br\/acervo-correio\/wp-content\/uploads\/2023\/07\/alunos-e-vereadores-1-1024x683.jpg 1024w, https:\/\/www.ocorreionews.com.br\/acervo-correio\/wp-content\/uploads\/2023\/07\/alunos-e-vereadores-1-768x512.jpg 768w\" sizes=\"auto, (max-width: 1080px) 100vw, 1080px\" \/><\/p>\n<p>Confira as indica\u00e7\u00f5es e requerimentos da Sess\u00e3o Ordin\u00e1ria n\u00ba1421, clicando no link: <a href=\"https:\/\/www.camarachapadaodosul.ms.gov.br\/noticiasView\/?id=4023\">C\u00e2mara Municipal Chapad\u00e3o do Sul &#8211; MS (camarachapadaodosul.ms.gov.br)<\/a>.<\/p>\n<p>&nbsp;<\/p>\n<p>*Assessoria C\u00e2mara Municipal<\/p>\n","protected":false},"excerpt":{"rendered":"<p>Nesta segunda-feira (2) aconteceu na C\u00e2mara Municipal de Chapad\u00e3o do Sul a primeira Sess\u00e3o Ordin\u00e1ria de julho. Os parlamentares receberam alunos de duas escolas rurais de Chapad\u00e3o do Sul, a Escola Municipal Aroeira e a Escola Municipal Pedra Branca, que \u00e9 extens\u00e3o da Escola Estadual Jorge Amado, no espa\u00e7o reservado ao projeto \u201cC\u00e2mara Vai \u00e0 [&hellip;]<\/p>\n","protected":false},"author":5,"featured_media":244344,"comment_status":"closed","ping_status":"closed","sticky":false,"template":"","format":"standard","meta":{"footnotes":""},"categories":[23,41],"tags":[],"class_list":["post-244340","post","type-post","status-publish","format-standard","has-post-thumbnail","hentry","category-chapadao-do-sul","category-destaque"],"_links":{"self":[{"href":"https:\/\/www.ocorreionews.com.br\/acervo-correio\/index.php?rest_route=\/wp\/v2\/posts\/244340","targetHints":{"allow":["GET"]}}],"collection":[{"href":"https:\/\/www.ocorreionews.com.br\/acervo-correio\/index.php?rest_route=\/wp\/v2\/posts"}],"about":[{"href":"https:\/\/www.ocorreionews.com.br\/acervo-correio\/index.php?rest_route=\/wp\/v2\/types\/post"}],"author":[{"embeddable":true,"href":"https:\/\/www.ocorreionews.com.br\/acervo-correio\/index.php?rest_route=\/wp\/v2\/users\/5"}],"replies":[{"embeddable":true,"href":"https:\/\/www.ocorreionews.com.br\/acervo-correio\/index.php?rest_route=%2Fwp%2Fv2%2Fcomments&post=244340"}],"version-history":[{"count":1,"href":"https:\/\/www.ocorreionews.com.br\/acervo-correio\/index.php?rest_route=\/wp\/v2\/posts\/244340\/revisions"}],"predecessor-version":[{"id":244351,"href":"https:\/\/www.ocorreionews.com.br\/acervo-correio\/index.php?rest_route=\/wp\/v2\/posts\/244340\/revisions\/244351"}],"wp:featuredmedia":[{"embeddable":true,"href":"https:\/\/www.ocorreionews.com.br\/acervo-correio\/index.php?rest_route=\/wp\/v2\/media\/244344"}],"wp:attachment":[{"href":"https:\/\/www.ocorreionews.com.br\/acervo-correio\/index.php?rest_route=%2Fwp%2Fv2%2Fmedia&parent=244340"}],"wp:term":[{"taxonomy":"category","embeddable":true,"href":"https:\/\/www.ocorreionews.com.br\/acervo-correio\/index.php?rest_route=%2Fwp%2Fv2%2Fcategories&post=244340"},{"taxonomy":"post_tag","embeddable":true,"href":"https:\/\/www.ocorreionews.com.br\/acervo-correio\/index.php?rest_route=%2Fwp%2Fv2%2Ftags&post=244340"}],"curies":[{"name":"wp","href":"https:\/\/api.w.org\/{rel}","templated":true}]}}